{"id":102201,"date":"2020-05-11T16:19:30","date_gmt":"2020-05-11T15:19:30","guid":{"rendered":"https:\/\/www.palletforce.com\/?p=102201"},"modified":"2021-10-18T16:19:48","modified_gmt":"2021-10-18T15:19:48","slug":"ev-cargo-strengthens-its-senior-team-and-builds-for-the-future","status":"publish","type":"post","link":"https:\/\/www.palletforce.com\/de\/ev-cargo-strengthens-its-senior-team-and-builds-for-the-future\/","title":{"rendered":"EV Cargo verst\u00e4rkt sein F\u00fchrungsteam und baut f\u00fcr die Zukunft"},"content":{"rendered":"<p>Das globale Logistik- und Technologieunternehmen EV Cargo hat sein F\u00fchrungsteam durch die Ernennung von drei Executive Vice Presidents f\u00fcr Gesch\u00e4ftsentwicklung, Marketing und Kommunikation sowie Technologiefunktionen verst\u00e4rkt.<\/p>\n\n\n\n<p>Ross Eggleton, zuvor Senior Advisor bei EV Cargo, wird Executive Vice President Business Development und bringt ein umfassendes Spektrum an FMCG-, Einzelhandels- und Lieferkettenkompetenz ein.<\/p>\n\n\n\n<p>Die langj\u00e4hrigen Direktoren von Palletforce, Dave Holland und Dean Hughes, wurden zu Executive Vice Presidents f\u00fcr Marketing und Kommunikation bzw. Informationstechnologie ernannt.<\/p>\n\n\n\n<p>Holland hat die Marktpr\u00e4senz, Marke und Kommunikation von EV Cargo vorangetrieben, w\u00e4hrend Hughes f\u00fcr viele preisgekr\u00f6nte technologische Innovationen verantwortlich ist, einschlie\u00dflich der Nutzung von KI f\u00fcr propriet\u00e4re Tools zur Optimierung von Lieferketten.<\/p>\n\n\n\n<p>EV Cargo setzt seine Kultur der F\u00f6rderung innerhalb des Unternehmens fort und investiert in neue Rollen und Expertise, um seine robusten F\u00fchrungs- und Managementteams zu st\u00e4rken.<\/p>\n\n\n\n<p>Heath Zarin, Chief Executive von EV Cargo, sagte: \u201eWir hei\u00dfen Ross, Dave und Dean in diesen neu geschaffenen Positionen des Executive Vice President willkommen, st\u00e4rken unser F\u00fchrungsteam und positionieren uns so, dass wir unser volles Potenzial auf den globalen M\u00e4rkten aussch\u00f6pfen k\u00f6nnen.<\/p>\n\n\n\n<p>\u201eEV Cargo bleibt dem Wachstumsdenken verpflichtet und wird weiterhin in unsere Mitarbeiter investieren. Wir f\u00f6rdern aktiv eine Kultur des beruflichen Aufstiegs, um sicherzustellen, dass wir die besten Mitarbeiter haben, um integrierte Supply-Chain-L\u00f6sungen f\u00fcr die weltweit f\u00fchrenden Marken bereitzustellen.\u201c<\/p>","protected":false},"excerpt":{"rendered":"<p>Das globale Logistik- und Technologieunternehmen EV Cargo hat sein F\u00fchrungsteam durch die Ernennung von drei Executive Vice Presidents f\u00fcr Gesch\u00e4ftsentwicklung, Marketing und Kommunikation sowie Technologiefunktionen verst\u00e4rkt.<\/p>","protected":false},"author":18,"featured_media":102202,"comment_status":"open","ping_status":"open","sticky":false,"template":"","format":"standard","meta":{"_acf_changed":false,"inline_featured_image":false,"footnotes":""},"categories":[29,57,28],"tags":[],"postlocation":[],"posttype":[],"postservice":[],"class_list":["post-102201","post","type-post","status-publish","format-standard","has-post-thumbnail","hentry","category-general","category-generallatest-news","category-latest-news"],"acf":[],"yoast_head":"<!-- This site is optimized with the Yoast SEO plugin v26.6 - https:\/\/yoast.com\/wordpress\/plugins\/seo\/ -->\n<title>EV Cargo Strengthens its Senior Team and Builds for the Future - Palletforce<\/title>\n<meta name=\"robots\" content=\"index, follow, max-snippet:-1, max-image-preview:large, max-video-preview:-1\" \/>\n<link rel=\"canonical\" href=\"https:\/\/www.palletforce.com\/de\/ev-cargo-strengthens-its-senior-team-and-builds-for-the-future\/\" \/>\n<meta property=\"og:locale\" content=\"de_DE\" \/>\n<meta property=\"og:type\" content=\"article\" \/>\n<meta property=\"og:title\" content=\"EV Cargo Strengthens its Senior Team and Builds for the Future - Palletforce\" \/>\n<meta property=\"og:description\" content=\"Global logistics and technology business EV Cargo has strengthened its executive team with the appointment of three Executive Vice Presidents across business development, marketing and communications, and technology functions.\" \/>\n<meta property=\"og:url\" content=\"https:\/\/www.palletforce.com\/de\/ev-cargo-strengthens-its-senior-team-and-builds-for-the-future\/\" \/>\n<meta property=\"og:site_name\" content=\"Palletforce\" \/>\n<meta property=\"article:published_time\" content=\"2020-05-11T15:19:30+00:00\" \/>\n<meta property=\"article:modified_time\" content=\"2021-10-18T15:19:48+00:00\" \/>\n<meta property=\"og:image\" content=\"https:\/\/www.palletforce.com\/wp-content\/uploads\/2021\/10\/news-story-image-1-1024x508-2.jpg\" \/>\n\t<meta property=\"og:image:width\" content=\"1024\" \/>\n\t<meta property=\"og:image:height\" content=\"508\" \/>\n\t<meta property=\"og:image:type\" content=\"image\/jpeg\" \/>\n<meta name=\"author\" content=\"shona\" \/>\n<meta name=\"twitter:card\" content=\"summary_large_image\" \/>\n<meta name=\"twitter:label1\" content=\"Verfasst von\" \/>\n\t<meta name=\"twitter:data1\" content=\"shona\" \/>\n\t<meta name=\"twitter:label2\" content=\"Gesch\u00e4tzte Lesezeit\" \/>\n\t<meta name=\"twitter:data2\" content=\"1\u00a0Minute\" \/>\n<script type=\"application\/ld+json\" class=\"yoast-schema-graph\">{\"@context\":\"https:\/\/schema.org\",\"@graph\":[{\"@type\":\"WebPage\",\"@id\":\"https:\/\/www.palletforce.com\/en\/ev-cargo-strengthens-its-senior-team-and-builds-for-the-future\/\",\"url\":\"https:\/\/www.palletforce.com\/en\/ev-cargo-strengthens-its-senior-team-and-builds-for-the-future\/\",\"name\":\"EV Cargo Strengthens its Senior Team and Builds for the Future - Palletforce\",\"isPartOf\":{\"@id\":\"https:\/\/www.palletforce.com\/#website\"},\"primaryImageOfPage\":{\"@id\":\"https:\/\/www.palletforce.com\/en\/ev-cargo-strengthens-its-senior-team-and-builds-for-the-future\/#primaryimage\"},\"image\":{\"@id\":\"https:\/\/www.palletforce.com\/en\/ev-cargo-strengthens-its-senior-team-and-builds-for-the-future\/#primaryimage\"},\"thumbnailUrl\":\"https:\/\/www.palletforce.com\/wp-content\/uploads\/2021\/10\/news-story-image-1-1024x508-2.jpg\",\"datePublished\":\"2020-05-11T15:19:30+00:00\",\"dateModified\":\"2021-10-18T15:19:48+00:00\",\"author\":{\"@id\":\"https:\/\/www.palletforce.com\/#\/schema\/person\/cda523345ba606e8aa2c3b33c1a282af\"},\"inLanguage\":\"de\",\"potentialAction\":[{\"@type\":\"ReadAction\",\"target\":[\"https:\/\/www.palletforce.com\/en\/ev-cargo-strengthens-its-senior-team-and-builds-for-the-future\/\"]}]},{\"@type\":\"ImageObject\",\"inLanguage\":\"de\",\"@id\":\"https:\/\/www.palletforce.com\/en\/ev-cargo-strengthens-its-senior-team-and-builds-for-the-future\/#primaryimage\",\"url\":\"https:\/\/www.palletforce.com\/wp-content\/uploads\/2021\/10\/news-story-image-1-1024x508-2.jpg\",\"contentUrl\":\"https:\/\/www.palletforce.com\/wp-content\/uploads\/2021\/10\/news-story-image-1-1024x508-2.jpg\",\"width\":1024,\"height\":508},{\"@type\":\"WebSite\",\"@id\":\"https:\/\/www.palletforce.com\/#website\",\"url\":\"https:\/\/www.palletforce.com\/\",\"name\":\"Palletforce\",\"description\":\"\",\"potentialAction\":[{\"@type\":\"SearchAction\",\"target\":{\"@type\":\"EntryPoint\",\"urlTemplate\":\"https:\/\/www.palletforce.com\/?s={search_term_string}\"},\"query-input\":{\"@type\":\"PropertyValueSpecification\",\"valueRequired\":true,\"valueName\":\"search_term_string\"}}],\"inLanguage\":\"de\"},{\"@type\":\"Person\",\"@id\":\"https:\/\/www.palletforce.com\/#\/schema\/person\/cda523345ba606e8aa2c3b33c1a282af\",\"name\":\"shona\",\"image\":{\"@type\":\"ImageObject\",\"inLanguage\":\"de\",\"@id\":\"https:\/\/www.palletforce.com\/#\/schema\/person\/image\/\",\"url\":\"https:\/\/secure.gravatar.com\/avatar\/756f72c890440fd1d188efdb640aa38ff9bae54afcbfde9221b357c60dfcc39f?s=96&d=mm&r=g\",\"contentUrl\":\"https:\/\/secure.gravatar.com\/avatar\/756f72c890440fd1d188efdb640aa38ff9bae54afcbfde9221b357c60dfcc39f?s=96&d=mm&r=g\",\"caption\":\"shona\"}}]}<\/script>\n<!-- \/ Yoast SEO plugin. -->","yoast_head_json":{"title":"EV Cargo verst\u00e4rkt sein F\u00fchrungsteam und r\u00fcstet f\u00fcr die Zukunft \u2013 Palletforce","robots":{"index":"index","follow":"follow","max-snippet":"max-snippet:-1","max-image-preview":"max-image-preview:large","max-video-preview":"max-video-preview:-1"},"canonical":"https:\/\/www.palletforce.com\/de\/ev-cargo-strengthens-its-senior-team-and-builds-for-the-future\/","og_locale":"de_DE","og_type":"article","og_title":"EV Cargo Strengthens its Senior Team and Builds for the Future - Palletforce","og_description":"Global logistics and technology business EV Cargo has strengthened its executive team with the appointment of three Executive Vice Presidents across business development, marketing and communications, and technology functions.","og_url":"https:\/\/www.palletforce.com\/de\/ev-cargo-strengthens-its-senior-team-and-builds-for-the-future\/","og_site_name":"Palletforce","article_published_time":"2020-05-11T15:19:30+00:00","article_modified_time":"2021-10-18T15:19:48+00:00","og_image":[{"width":1024,"height":508,"url":"https:\/\/www.palletforce.com\/wp-content\/uploads\/2021\/10\/news-story-image-1-1024x508-2.jpg","type":"image\/jpeg"}],"author":"shona","twitter_card":"summary_large_image","twitter_misc":{"Verfasst von":"shona","Gesch\u00e4tzte Lesezeit":"1\u00a0Minute"},"schema":{"@context":"https:\/\/schema.org","@graph":[{"@type":"WebPage","@id":"https:\/\/www.palletforce.com\/en\/ev-cargo-strengthens-its-senior-team-and-builds-for-the-future\/","url":"https:\/\/www.palletforce.com\/en\/ev-cargo-strengthens-its-senior-team-and-builds-for-the-future\/","name":"EV Cargo verst\u00e4rkt sein F\u00fchrungsteam und r\u00fcstet f\u00fcr die Zukunft \u2013 Palletforce","isPartOf":{"@id":"https:\/\/www.palletforce.com\/#website"},"primaryImageOfPage":{"@id":"https:\/\/www.palletforce.com\/en\/ev-cargo-strengthens-its-senior-team-and-builds-for-the-future\/#primaryimage"},"image":{"@id":"https:\/\/www.palletforce.com\/en\/ev-cargo-strengthens-its-senior-team-and-builds-for-the-future\/#primaryimage"},"thumbnailUrl":"https:\/\/www.palletforce.com\/wp-content\/uploads\/2021\/10\/news-story-image-1-1024x508-2.jpg","datePublished":"2020-05-11T15:19:30+00:00","dateModified":"2021-10-18T15:19:48+00:00","author":{"@id":"https:\/\/www.palletforce.com\/#\/schema\/person\/cda523345ba606e8aa2c3b33c1a282af"},"inLanguage":"de","potentialAction":[{"@type":"ReadAction","target":["https:\/\/www.palletforce.com\/en\/ev-cargo-strengthens-its-senior-team-and-builds-for-the-future\/"]}]},{"@type":"ImageObject","inLanguage":"de","@id":"https:\/\/www.palletforce.com\/en\/ev-cargo-strengthens-its-senior-team-and-builds-for-the-future\/#primaryimage","url":"https:\/\/www.palletforce.com\/wp-content\/uploads\/2021\/10\/news-story-image-1-1024x508-2.jpg","contentUrl":"https:\/\/www.palletforce.com\/wp-content\/uploads\/2021\/10\/news-story-image-1-1024x508-2.jpg","width":1024,"height":508},{"@type":"WebSite","@id":"https:\/\/www.palletforce.com\/#website","url":"https:\/\/www.palletforce.com\/","name":"Palettenkraft","description":"","potentialAction":[{"@type":"SearchAction","target":{"@type":"EntryPoint","urlTemplate":"https:\/\/www.palletforce.com\/?s={search_term_string}"},"query-input":{"@type":"PropertyValueSpecification","valueRequired":true,"valueName":"search_term_string"}}],"inLanguage":"de"},{"@type":"Person","@id":"https:\/\/www.palletforce.com\/#\/schema\/person\/cda523345ba606e8aa2c3b33c1a282af","name":"Shona","image":{"@type":"ImageObject","inLanguage":"de","@id":"https:\/\/www.palletforce.com\/#\/schema\/person\/image\/","url":"https:\/\/secure.gravatar.com\/avatar\/756f72c890440fd1d188efdb640aa38ff9bae54afcbfde9221b357c60dfcc39f?s=96&d=mm&r=g","contentUrl":"https:\/\/secure.gravatar.com\/avatar\/756f72c890440fd1d188efdb640aa38ff9bae54afcbfde9221b357c60dfcc39f?s=96&d=mm&r=g","caption":"shona"}}]}},"_links":{"self":[{"href":"https:\/\/www.palletforce.com\/de\/wp-json\/wp\/v2\/posts\/102201","targetHints":{"allow":["GET"]}}],"collection":[{"href":"https:\/\/www.palletforce.com\/de\/wp-json\/wp\/v2\/posts"}],"about":[{"href":"https:\/\/www.palletforce.com\/de\/wp-json\/wp\/v2\/types\/post"}],"author":[{"embeddable":true,"href":"https:\/\/www.palletforce.com\/de\/wp-json\/wp\/v2\/users\/18"}],"replies":[{"embeddable":true,"href":"https:\/\/www.palletforce.com\/de\/wp-json\/wp\/v2\/comments?post=102201"}],"version-history":[{"count":1,"href":"https:\/\/www.palletforce.com\/de\/wp-json\/wp\/v2\/posts\/102201\/revisions"}],"predecessor-version":[{"id":102203,"href":"https:\/\/www.palletforce.com\/de\/wp-json\/wp\/v2\/posts\/102201\/revisions\/102203"}],"wp:featuredmedia":[{"embeddable":true,"href":"https:\/\/www.palletforce.com\/de\/wp-json\/wp\/v2\/media\/102202"}],"wp:attachment":[{"href":"https:\/\/www.palletforce.com\/de\/wp-json\/wp\/v2\/media?parent=102201"}],"wp:term":[{"taxonomy":"category","embeddable":true,"href":"https:\/\/www.palletforce.com\/de\/wp-json\/wp\/v2\/categories?post=102201"},{"taxonomy":"post_tag","embeddable":true,"href":"https:\/\/www.palletforce.com\/de\/wp-json\/wp\/v2\/tags?post=102201"},{"taxonomy":"postlocation","embeddable":true,"href":"https:\/\/www.palletforce.com\/de\/wp-json\/wp\/v2\/postlocation?post=102201"},{"taxonomy":"posttype","embeddable":true,"href":"https:\/\/www.palletforce.com\/de\/wp-json\/wp\/v2\/posttype?post=102201"},{"taxonomy":"postservice","embeddable":true,"href":"https:\/\/www.palletforce.com\/de\/wp-json\/wp\/v2\/postservice?post=102201"}],"curies":[{"name":"wp","href":"https:\/\/api.w.org\/{rel}","templated":true}]}}