{"id":102324,"date":"2019-01-11T15:47:00","date_gmt":"2019-01-11T15:47:00","guid":{"rendered":"https:\/\/www.palletforce.com\/?p=102324"},"modified":"2021-10-20T04:20:34","modified_gmt":"2021-10-20T03:20:34","slug":"ev-cargo-confirms-executive-appointments-and-management-changes","status":"publish","type":"post","link":"https:\/\/www.palletforce.com\/de\/ev-cargo-confirms-executive-appointments-and-management-changes\/","title":{"rendered":"EV Cargo best\u00e4tigt Ernennungen und Ver\u00e4nderungen im Management"},"content":{"rendered":"<p><a rel=\"noreferrer noopener\" href=\"https:\/\/www.evcargo.co.uk\/\" target=\"_blank\">EV-Fracht<\/a>, der gr\u00f6\u00dfte britische Logistikkonzern in Privatbesitz, hat nach einer erfolgreichen konzernweiten festlichen Handelsperiode eine Reihe von Ernennungen von F\u00fchrungskr\u00e4ften und Managern bekannt gegeben.<\/p>\n\n\n\n<p>EV Cargo wurde vom spezialisierten Private-Equity-Investor EmergeVest gegr\u00fcndet und im November 2018 nach der Konsolidierung von sechs britischen Logistikunternehmen gegr\u00fcndet.<\/p>\n\n\n\n<p>Das Unternehmen hat vier operative Segmente, wobei die Chief Executives jedes Segments einen Platz im Vorstand der Gruppe einnehmen, w\u00e4hrend sie weiterhin ihre derzeitigen Rollen in jedem einzelnen Unternehmen behalten. Sie berichten direkt an den Vorstandsvorsitzenden von EV Cargo, Heath Zarin.<\/p>\n\n\n\n<p>Palletforce-Chef Michael Conroy wird das Express-Segment leiten, Clyde Buntrock ab&nbsp;<a rel=\"noreferrer noopener\" href=\"https:\/\/allportcargoservices.com\/\" target=\"_blank\">Allport Frachtdienste<\/a>&nbsp;wird w\u00e4hrenddessen Global Forwarding beaufsichtigen&nbsp;<a rel=\"noreferrer noopener\" href=\"https:\/\/www.adjuno.com\/\" target=\"_blank\">Zusatz<\/a>&nbsp;Chief Executive Craig Sears-Black wird das Technologiesegment leiten.<\/p>\n\n\n\n<p>Heath Zarin wird au\u00dferdem Chief Executive des Gesch\u00e4ftsbereichs Logistik, innerhalb dessen&nbsp;<a rel=\"noreferrer noopener\" href=\"http:\/\/www.downton.co.uk\/\" target=\"_blank\">CM Downton<\/a>,&nbsp;<a rel=\"noreferrer noopener\" href=\"http:\/\/www.jigsawtransport.com\/\" target=\"_blank\">Puzzle<\/a>&nbsp;und&nbsp;<a rel=\"noreferrer noopener\" href=\"http:\/\/www.nft.co.uk\/\" target=\"_blank\">NFT<\/a>&nbsp;wird operieren.<\/p>\n\n\n\n<p>Auch innerhalb einzelner Unternehmen gibt es eine Reihe von Ver\u00e4nderungen, die allesamt Teil der langfristigen Nachfolgeplanung des Unternehmens sind.<\/p>\n\n\n\n<p>Duncan Eyre wurde im Januar zum Managing Director von CM Downton ernannt, um Andy, Richard und John Downton den Wechsel in nicht gesch\u00e4ftsf\u00fchrende Positionen zu erm\u00f6glichen.&nbsp;<\/p>\n\n\n\n<p>Zac Brown ist als Betriebsleiter zu CM Downton gekommen, w\u00e4hrend Finanzdirektor Ben Armstrong zum Finanzdirektor der EV Cargo Logistics-Einheit aufsteigen wird.<\/p>\n\n\n\n<p>Anfang Januar ernannte Palletforce Steve Back zum neuen Chief Financial Officer und l\u00f6ste Neil Carpenter ab, der in die neue Rolle des Senior Advisor wechselt.<\/p>\n\n\n\n<p>Mel Brockhouse und Aaron Scott werden gemeinsame Gesch\u00e4ftsf\u00fchrer von NFT, wobei Mel die operative Verantwortung f\u00fcr die gesamte NFT-Gruppe \u00fcbernimmt und Aaron sich auf die Kundenentwicklung und kontinuierliche Verbesserung konzentriert. Ross Eggleton wird in eine leitende Beraterrolle f\u00fcr EV Cargo wechseln, um strategische Initiativen in der gesamten Gruppe zu entwickeln.<\/p>\n\n\n\n<p>Im M\u00e4rz wird Charles McGurin innerhalb der EV Cargo Group in eine nicht gesch\u00e4ftsf\u00fchrende Position wechseln und Clyde Buntrock wird Chief Executive von Allport Cargo Services.&nbsp;<\/p>\n\n\n\n<p>Andy Humpherson bleibt in seiner bestehenden Position als Gesch\u00e4ftsf\u00fchrer von Jigsaw.<\/p>\n\n\n\n<p>Heath Zarin, Chief Executive von EV Cargo, sagte: \u201eMit der Ernennung von Chief Executives f\u00fcr jedes operative Segment sowie wichtigen strategischen Management\u00e4nderungen in den einzelnen Gesch\u00e4ftsbereichen haben wir eine robuste Struktur geschaffen, um unsere langfristige Wachstumsstrategie umzusetzen Mehrwert f\u00fcr unsere Kunden und nachhaltiges Wachstum in der gesamten Gruppe.<\/p>\n\n\n\n<p>\u201eEine der Hauptpriorit\u00e4ten bei der Gr\u00fcndung von EV Cargo war es, sicherzustellen, dass die Bed\u00fcrfnisse unserer Kunden in allen Gesch\u00e4ftsbereichen konsequent erf\u00fcllt werden. Die Logistikabteilung befasst sich mit einer Reihe verbundener Kunden, und wir haben eine einfache Managementstruktur eingef\u00fchrt, die mir unterstellt ist, damit wir unseren Kunden den besten Service bieten k\u00f6nnen.\u201c<\/p>","protected":false},"excerpt":{"rendered":"<p>EV Cargo, Gro\u00dfbritanniens gr\u00f6\u00dfter Logistikkonzern in Privatbesitz, hat nach einer erfolgreichen konzernweiten festlichen Handelsperiode eine Reihe von Ernennungen in der Gesch\u00e4ftsf\u00fchrung und im Management bekannt gegeben.<\/p>","protected":false},"author":21,"featured_media":102329,"comment_status":"open","ping_status":"open","sticky":false,"template":"","format":"standard","meta":{"_acf_changed":false,"inline_featured_image":false,"footnotes":""},"categories":[29,57,54,105,28,49,26],"tags":[216,217,214,215,100],"postlocation":[],"posttype":[],"postservice":[],"class_list":["post-102324","post","type-post","status-publish","format-standard","has-post-thumbnail","hentry","category-general","category-generallatest-news","category-generalmedia-room","category-industry-news","category-latest-news","category-media-room","category-news","tag-clyde-buntrock","tag-craig-sears-black","tag-ev-cargo","tag-heath-zarin","tag-michael-conroy"],"acf":[],"yoast_head":"<!-- This site is optimized with the Yoast SEO plugin v26.6 - https:\/\/yoast.com\/wordpress\/plugins\/seo\/ -->\n<title>EV Cargo confirms executive appointments and management changes - Palletforce<\/title>\n<meta name=\"robots\" content=\"index, follow, max-snippet:-1, max-image-preview:large, max-video-preview:-1\" \/>\n<link rel=\"canonical\" href=\"https:\/\/www.palletforce.com\/de\/ev-cargo-confirms-executive-appointments-and-management-changes\/\" \/>\n<meta property=\"og:locale\" content=\"de_DE\" \/>\n<meta property=\"og:type\" content=\"article\" \/>\n<meta property=\"og:title\" content=\"EV Cargo confirms executive appointments and management changes - Palletforce\" \/>\n<meta property=\"og:description\" content=\"EV Cargo, the UK\u2019s largest privately-owned logistics group, has announced a series of executive and management appointments after a successful group-wide festive trading period.\" \/>\n<meta property=\"og:url\" content=\"https:\/\/www.palletforce.com\/de\/ev-cargo-confirms-executive-appointments-and-management-changes\/\" \/>\n<meta property=\"og:site_name\" content=\"Palletforce\" \/>\n<meta property=\"article:published_time\" content=\"2019-01-11T15:47:00+00:00\" \/>\n<meta property=\"article:modified_time\" content=\"2021-10-20T03:20:34+00:00\" \/>\n<meta property=\"og:image\" content=\"https:\/\/www.palletforce.com\/wp-content\/uploads\/2019\/01\/ceo-graphics-03-1024x460.png\" \/>\n\t<meta property=\"og:image:width\" content=\"1024\" \/>\n\t<meta property=\"og:image:height\" content=\"460\" \/>\n\t<meta property=\"og:image:type\" content=\"image\/png\" \/>\n<meta name=\"author\" content=\"fiona\" \/>\n<meta name=\"twitter:card\" content=\"summary_large_image\" \/>\n<meta name=\"twitter:label1\" content=\"Verfasst von\" \/>\n\t<meta name=\"twitter:data1\" content=\"fiona\" \/>\n\t<meta name=\"twitter:label2\" content=\"Gesch\u00e4tzte Lesezeit\" \/>\n\t<meta name=\"twitter:data2\" content=\"2\u00a0Minuten\" \/>\n<script type=\"application\/ld+json\" class=\"yoast-schema-graph\">{\"@context\":\"https:\/\/schema.org\",\"@graph\":[{\"@type\":\"WebPage\",\"@id\":\"https:\/\/www.palletforce.com\/en\/ev-cargo-confirms-executive-appointments-and-management-changes\/\",\"url\":\"https:\/\/www.palletforce.com\/en\/ev-cargo-confirms-executive-appointments-and-management-changes\/\",\"name\":\"EV Cargo confirms executive appointments and management changes - Palletforce\",\"isPartOf\":{\"@id\":\"https:\/\/www.palletforce.com\/#website\"},\"primaryImageOfPage\":{\"@id\":\"https:\/\/www.palletforce.com\/en\/ev-cargo-confirms-executive-appointments-and-management-changes\/#primaryimage\"},\"image\":{\"@id\":\"https:\/\/www.palletforce.com\/en\/ev-cargo-confirms-executive-appointments-and-management-changes\/#primaryimage\"},\"thumbnailUrl\":\"https:\/\/www.palletforce.com\/wp-content\/uploads\/2019\/01\/ceo-graphics-03-3000x1902.png\",\"datePublished\":\"2019-01-11T15:47:00+00:00\",\"dateModified\":\"2021-10-20T03:20:34+00:00\",\"author\":{\"@id\":\"https:\/\/www.palletforce.com\/#\/schema\/person\/c2b48b6ee633870b1b82970e22b2569e\"},\"inLanguage\":\"de\",\"potentialAction\":[{\"@type\":\"ReadAction\",\"target\":[\"https:\/\/www.palletforce.com\/en\/ev-cargo-confirms-executive-appointments-and-management-changes\/\"]}]},{\"@type\":\"ImageObject\",\"inLanguage\":\"de\",\"@id\":\"https:\/\/www.palletforce.com\/en\/ev-cargo-confirms-executive-appointments-and-management-changes\/#primaryimage\",\"url\":\"https:\/\/www.palletforce.com\/wp-content\/uploads\/2019\/01\/ceo-graphics-03-3000x1902.png\",\"contentUrl\":\"https:\/\/www.palletforce.com\/wp-content\/uploads\/2019\/01\/ceo-graphics-03-3000x1902.png\",\"width\":4232,\"height\":1902},{\"@type\":\"WebSite\",\"@id\":\"https:\/\/www.palletforce.com\/#website\",\"url\":\"https:\/\/www.palletforce.com\/\",\"name\":\"Palletforce\",\"description\":\"\",\"potentialAction\":[{\"@type\":\"SearchAction\",\"target\":{\"@type\":\"EntryPoint\",\"urlTemplate\":\"https:\/\/www.palletforce.com\/?s={search_term_string}\"},\"query-input\":{\"@type\":\"PropertyValueSpecification\",\"valueRequired\":true,\"valueName\":\"search_term_string\"}}],\"inLanguage\":\"de\"},{\"@type\":\"Person\",\"@id\":\"https:\/\/www.palletforce.com\/#\/schema\/person\/c2b48b6ee633870b1b82970e22b2569e\",\"name\":\"fiona\",\"image\":{\"@type\":\"ImageObject\",\"inLanguage\":\"de\",\"@id\":\"https:\/\/www.palletforce.com\/#\/schema\/person\/image\/\",\"url\":\"https:\/\/secure.gravatar.com\/avatar\/20b4299450a71829925308c9879bb4c4fc380eed688559bd05320a411d6d0698?s=96&d=mm&r=g\",\"contentUrl\":\"https:\/\/secure.gravatar.com\/avatar\/20b4299450a71829925308c9879bb4c4fc380eed688559bd05320a411d6d0698?s=96&d=mm&r=g\",\"caption\":\"fiona\"}}]}<\/script>\n<!-- \/ Yoast SEO plugin. -->","yoast_head_json":{"title":"EV Cargo best\u00e4tigt Ernennungen in der F\u00fchrungsebene und Management\u00e4nderungen \u2013 Palletforce","robots":{"index":"index","follow":"follow","max-snippet":"max-snippet:-1","max-image-preview":"max-image-preview:large","max-video-preview":"max-video-preview:-1"},"canonical":"https:\/\/www.palletforce.com\/de\/ev-cargo-confirms-executive-appointments-and-management-changes\/","og_locale":"de_DE","og_type":"article","og_title":"EV Cargo confirms executive appointments and management changes - Palletforce","og_description":"EV Cargo, the UK\u2019s largest privately-owned logistics group, has announced a series of executive and management appointments after a successful group-wide festive trading period.","og_url":"https:\/\/www.palletforce.com\/de\/ev-cargo-confirms-executive-appointments-and-management-changes\/","og_site_name":"Palletforce","article_published_time":"2019-01-11T15:47:00+00:00","article_modified_time":"2021-10-20T03:20:34+00:00","og_image":[{"width":1024,"height":460,"url":"https:\/\/www.palletforce.com\/wp-content\/uploads\/2019\/01\/ceo-graphics-03-1024x460.png","type":"image\/png"}],"author":"fiona","twitter_card":"summary_large_image","twitter_misc":{"Verfasst von":"fiona","Gesch\u00e4tzte Lesezeit":"2\u00a0Minuten"},"schema":{"@context":"https:\/\/schema.org","@graph":[{"@type":"WebPage","@id":"https:\/\/www.palletforce.com\/en\/ev-cargo-confirms-executive-appointments-and-management-changes\/","url":"https:\/\/www.palletforce.com\/en\/ev-cargo-confirms-executive-appointments-and-management-changes\/","name":"EV Cargo best\u00e4tigt Ernennungen in der F\u00fchrungsebene und Management\u00e4nderungen \u2013 Palletforce","isPartOf":{"@id":"https:\/\/www.palletforce.com\/#website"},"primaryImageOfPage":{"@id":"https:\/\/www.palletforce.com\/en\/ev-cargo-confirms-executive-appointments-and-management-changes\/#primaryimage"},"image":{"@id":"https:\/\/www.palletforce.com\/en\/ev-cargo-confirms-executive-appointments-and-management-changes\/#primaryimage"},"thumbnailUrl":"https:\/\/www.palletforce.com\/wp-content\/uploads\/2019\/01\/ceo-graphics-03-3000x1902.png","datePublished":"2019-01-11T15:47:00+00:00","dateModified":"2021-10-20T03:20:34+00:00","author":{"@id":"https:\/\/www.palletforce.com\/#\/schema\/person\/c2b48b6ee633870b1b82970e22b2569e"},"inLanguage":"de","potentialAction":[{"@type":"ReadAction","target":["https:\/\/www.palletforce.com\/en\/ev-cargo-confirms-executive-appointments-and-management-changes\/"]}]},{"@type":"ImageObject","inLanguage":"de","@id":"https:\/\/www.palletforce.com\/en\/ev-cargo-confirms-executive-appointments-and-management-changes\/#primaryimage","url":"https:\/\/www.palletforce.com\/wp-content\/uploads\/2019\/01\/ceo-graphics-03-3000x1902.png","contentUrl":"https:\/\/www.palletforce.com\/wp-content\/uploads\/2019\/01\/ceo-graphics-03-3000x1902.png","width":4232,"height":1902},{"@type":"WebSite","@id":"https:\/\/www.palletforce.com\/#website","url":"https:\/\/www.palletforce.com\/","name":"Palettenkraft","description":"","potentialAction":[{"@type":"SearchAction","target":{"@type":"EntryPoint","urlTemplate":"https:\/\/www.palletforce.com\/?s={search_term_string}"},"query-input":{"@type":"PropertyValueSpecification","valueRequired":true,"valueName":"search_term_string"}}],"inLanguage":"de"},{"@type":"Person","@id":"https:\/\/www.palletforce.com\/#\/schema\/person\/c2b48b6ee633870b1b82970e22b2569e","name":"Fiona","image":{"@type":"ImageObject","inLanguage":"de","@id":"https:\/\/www.palletforce.com\/#\/schema\/person\/image\/","url":"https:\/\/secure.gravatar.com\/avatar\/20b4299450a71829925308c9879bb4c4fc380eed688559bd05320a411d6d0698?s=96&d=mm&r=g","contentUrl":"https:\/\/secure.gravatar.com\/avatar\/20b4299450a71829925308c9879bb4c4fc380eed688559bd05320a411d6d0698?s=96&d=mm&r=g","caption":"fiona"}}]}},"_links":{"self":[{"href":"https:\/\/www.palletforce.com\/de\/wp-json\/wp\/v2\/posts\/102324","targetHints":{"allow":["GET"]}}],"collection":[{"href":"https:\/\/www.palletforce.com\/de\/wp-json\/wp\/v2\/posts"}],"about":[{"href":"https:\/\/www.palletforce.com\/de\/wp-json\/wp\/v2\/types\/post"}],"author":[{"embeddable":true,"href":"https:\/\/www.palletforce.com\/de\/wp-json\/wp\/v2\/users\/21"}],"replies":[{"embeddable":true,"href":"https:\/\/www.palletforce.com\/de\/wp-json\/wp\/v2\/comments?post=102324"}],"version-history":[{"count":1,"href":"https:\/\/www.palletforce.com\/de\/wp-json\/wp\/v2\/posts\/102324\/revisions"}],"predecessor-version":[{"id":102326,"href":"https:\/\/www.palletforce.com\/de\/wp-json\/wp\/v2\/posts\/102324\/revisions\/102326"}],"wp:featuredmedia":[{"embeddable":true,"href":"https:\/\/www.palletforce.com\/de\/wp-json\/wp\/v2\/media\/102329"}],"wp:attachment":[{"href":"https:\/\/www.palletforce.com\/de\/wp-json\/wp\/v2\/media?parent=102324"}],"wp:term":[{"taxonomy":"category","embeddable":true,"href":"https:\/\/www.palletforce.com\/de\/wp-json\/wp\/v2\/categories?post=102324"},{"taxonomy":"post_tag","embeddable":true,"href":"https:\/\/www.palletforce.com\/de\/wp-json\/wp\/v2\/tags?post=102324"},{"taxonomy":"postlocation","embeddable":true,"href":"https:\/\/www.palletforce.com\/de\/wp-json\/wp\/v2\/postlocation?post=102324"},{"taxonomy":"posttype","embeddable":true,"href":"https:\/\/www.palletforce.com\/de\/wp-json\/wp\/v2\/posttype?post=102324"},{"taxonomy":"postservice","embeddable":true,"href":"https:\/\/www.palletforce.com\/de\/wp-json\/wp\/v2\/postservice?post=102324"}],"curies":[{"name":"wp","href":"https:\/\/api.w.org\/{rel}","templated":true}]}}