{"id":102547,"date":"2019-06-18T13:04:02","date_gmt":"2019-06-18T12:04:02","guid":{"rendered":"https:\/\/www.palletforce.com\/?p=102547"},"modified":"2021-10-22T13:04:22","modified_gmt":"2021-10-22T12:04:22","slug":"pace-in-sardinia-but-a-frustrating-end-for-meeke","status":"publish","type":"post","link":"https:\/\/www.palletforce.com\/de\/pace-in-sardinia-but-a-frustrating-end-for-meeke\/","title":{"rendered":"Tempo auf Sardinien, aber ein frustrierendes Ende f\u00fcr Meeke"},"content":{"rendered":"<p>Der von KDM Hire unterst\u00fctzte Rallye-Weltfahrer Kris Meeke erlitt in der achten Runde der FIA-Rallye-Weltmeisterschaft ein weiteres frustrierendes Ergebnis, obwohl er sein Tempo gesteigert hatte, um bei einem Event, bei dem er wenig Erfahrung hat, um ein Podium zu k\u00e4mpfen.<\/p>\n\n\n\n<p>Meeke wurde am Steuer seines Toyota Gazoo Racing World Rally Team Yaris WRC Achter, nachdem ihn eine gebrochene Felge am Samstag in einem hitzigen Dreikampf zu einem Reifenwechsel gezwungen hatte.<\/p>\n\n\n\n<p>Die auf der Mittelmeerinsel Sardinien ausgetragene Rally d&#039;Italia bietet einige der h\u00e4rtesten Bedingungen des Jahres. Seine schmalen Strecken sind von riesigen Felsen ges\u00e4umt und die Oberfl\u00e4chen reichen von tiefem Sand bis zu hartem Grundgestein \u2013 all dies bei den typischen schw\u00fclen Sommertemperaturen macht es zu einem der anspruchsvollsten Meisterschaftsveranstaltungen.<\/p>\n\n\n\n<p>Meeke war jedoch von Anfang an deutlich im Nachteil, da er 2016 und 2018 nicht angetreten war. Der Er\u00f6ffnungstag am Freitag wurde damit verbracht, sich mit den Etappen vertraut zu machen und beim zweiten Durchgang am Nachmittag eine verbesserte Zeit einzustellen. Er schaffte es dennoch, \u00fcber Nacht den f\u00fcnften Platz zu halten, nachdem er weitere Fortschritte bei der Fahrzeugabstimmung gemacht und zum ersten Mal beim Yaris Reifen mit gemischter Mischung verwendet hatte.<\/p>\n\n\n\n<p>Am Samstagmorgen sah es \u00e4hnlich aus, wobei der Dungannon-Fahrer in den Morgenetappen an Boden verlor, aber in einem Dreikampf um den vierten Platz verwickelt war. Am Nachmittag ging es flott voran, als Meeke begann, die Zeit zur\u00fcckzufahren, und es sah so aus, als ob eine Herausforderung f\u00fcr das Podium anstehen w\u00fcrde.<\/p>\n\n\n\n<p>Ein Steinschlag auf der letzten Etappe des Tages zwang Meeke jedoch dazu, mitten in der Etappe anzuhalten, den Reifen zu wechseln und bis zum Ende zu hinken \u2013 dabei fiel er um mehr als zwei Minuten zur\u00fcck auf den achten Platz.<\/p>\n\n\n\n<p>Er fuhr am Sonntag durch die letzten vier Etappen und trotz einer weiteren soliden Leistung auf unbekannten Etappen war es nicht das Podiumsergebnis, das er anstrebte.<\/p>\n\n\n\n<p>Mit einer f\u00fcnfw\u00f6chigen Sommerpause f\u00fchrt das Meisterschaftsrennen vom 2. bis 4. August nach Finnland und zur legend\u00e4ren Neste Rally Finland \u2013 eine Veranstaltung, die Meeke zuvor gewonnen hat und die er erneut ins Visier nehmen wird.<\/p>\n\n\n\n<p>Kris Meeke sagte: \u201eIch hatte diese Rallye zu Beginn der Saison als eine der h\u00e4rtesten hervorgehoben. Im Vergleich zu den anderen Fahrern habe ich sehr wenig Erfahrung mit diesen Etappen und es war immer schwierig, mit ihnen mitzuhalten.<\/p>\n\n\n\n<p>\u201eAllerdings haben wir ein starkes Tempo gefunden, besonders am Nachmittag, und ich habe die Rallye eigentlich sehr genossen, da wir in einem guten Kampf waren und Fortschritte machten. Leider hat ein Radbruch daf\u00fcr gesorgt, dass uns nichts anderes \u00fcbrig blieb, als die letzten Tagesetappen durchzufahren und die Teampunkte zu sammeln.<\/p>\n\n\n\n<p>\u201eWir m\u00fcssen uns nur auf Finnland und die zweite Saisonh\u00e4lfte insgesamt freuen. Der Yaris WRC war in der vergangenen Saison bei diesen Veranstaltungen wirklich stark und das gesamte Team wird erneut darauf dr\u00e4ngen.\u201c<\/p>","protected":false},"excerpt":{"rendered":"<p>Der von KDM Hire unterst\u00fctzte Rallye-Weltfahrer Kris Meeke erlitt in der achten Runde der FIA-Rallye-Weltmeisterschaft ein weiteres frustrierendes Ergebnis, obwohl er sein Tempo gesteigert hatte, um bei einem Event, bei dem er wenig Erfahrung hat, um ein Podium zu k\u00e4mpfen.<\/p>","protected":false},"author":18,"featured_media":102548,"comment_status":"open","ping_status":"open","sticky":false,"template":"","format":"standard","meta":{"_acf_changed":false,"inline_featured_image":false,"footnotes":""},"categories":[29,57,28,97],"tags":[222,109],"postlocation":[],"posttype":[],"postservice":[],"class_list":["post-102547","post","type-post","status-publish","format-standard","has-post-thumbnail","hentry","category-general","category-generallatest-news","category-latest-news","category-sponsorship","tag-kris-meeke","tag-sponsorship"],"acf":[],"yoast_head":"<!-- This site is optimized with the Yoast SEO plugin v26.6 - https:\/\/yoast.com\/wordpress\/plugins\/seo\/ -->\n<title>Pace in Sardinia but a frustrating end for Meeke - Palletforce<\/title>\n<meta name=\"robots\" content=\"index, follow, max-snippet:-1, max-image-preview:large, max-video-preview:-1\" \/>\n<link rel=\"canonical\" href=\"https:\/\/www.palletforce.com\/de\/pace-in-sardinia-but-a-frustrating-end-for-meeke\/\" \/>\n<meta property=\"og:locale\" content=\"de_DE\" \/>\n<meta property=\"og:type\" content=\"article\" \/>\n<meta property=\"og:title\" content=\"Pace in Sardinia but a frustrating end for Meeke - Palletforce\" \/>\n<meta property=\"og:description\" content=\"KDM Hire-backed world rally driver Kris Meeke suffered another frustrating result on round eight of the FIA World Rally Championship despite building up his pace to challenge for a podium on an event he has little experience off.\" \/>\n<meta property=\"og:url\" content=\"https:\/\/www.palletforce.com\/de\/pace-in-sardinia-but-a-frustrating-end-for-meeke\/\" \/>\n<meta property=\"og:site_name\" content=\"Palletforce\" \/>\n<meta property=\"article:published_time\" content=\"2019-06-18T12:04:02+00:00\" \/>\n<meta property=\"article:modified_time\" content=\"2021-10-22T12:04:22+00:00\" \/>\n<meta property=\"og:image\" content=\"https:\/\/www.palletforce.com\/wp-content\/uploads\/2021\/10\/wrc_2019_rd8_080.jpg\" \/>\n\t<meta property=\"og:image:width\" content=\"1500\" \/>\n\t<meta property=\"og:image:height\" content=\"1000\" \/>\n\t<meta property=\"og:image:type\" content=\"image\/jpeg\" \/>\n<meta name=\"author\" content=\"shona\" \/>\n<meta name=\"twitter:card\" content=\"summary_large_image\" \/>\n<meta name=\"twitter:label1\" content=\"Verfasst von\" \/>\n\t<meta name=\"twitter:data1\" content=\"shona\" \/>\n\t<meta name=\"twitter:label2\" content=\"Gesch\u00e4tzte Lesezeit\" \/>\n\t<meta name=\"twitter:data2\" content=\"3\u00a0Minuten\" \/>\n<script type=\"application\/ld+json\" class=\"yoast-schema-graph\">{\"@context\":\"https:\/\/schema.org\",\"@graph\":[{\"@type\":\"WebPage\",\"@id\":\"https:\/\/www.palletforce.com\/en\/pace-in-sardinia-but-a-frustrating-end-for-meeke\/\",\"url\":\"https:\/\/www.palletforce.com\/en\/pace-in-sardinia-but-a-frustrating-end-for-meeke\/\",\"name\":\"Pace in Sardinia but a frustrating end for Meeke - Palletforce\",\"isPartOf\":{\"@id\":\"https:\/\/www.palletforce.com\/#website\"},\"primaryImageOfPage\":{\"@id\":\"https:\/\/www.palletforce.com\/en\/pace-in-sardinia-but-a-frustrating-end-for-meeke\/#primaryimage\"},\"image\":{\"@id\":\"https:\/\/www.palletforce.com\/en\/pace-in-sardinia-but-a-frustrating-end-for-meeke\/#primaryimage\"},\"thumbnailUrl\":\"https:\/\/www.palletforce.com\/wp-content\/uploads\/2021\/10\/wrc_2019_rd8_080.jpg\",\"datePublished\":\"2019-06-18T12:04:02+00:00\",\"dateModified\":\"2021-10-22T12:04:22+00:00\",\"author\":{\"@id\":\"https:\/\/www.palletforce.com\/#\/schema\/person\/cda523345ba606e8aa2c3b33c1a282af\"},\"inLanguage\":\"de\",\"potentialAction\":[{\"@type\":\"ReadAction\",\"target\":[\"https:\/\/www.palletforce.com\/en\/pace-in-sardinia-but-a-frustrating-end-for-meeke\/\"]}]},{\"@type\":\"ImageObject\",\"inLanguage\":\"de\",\"@id\":\"https:\/\/www.palletforce.com\/en\/pace-in-sardinia-but-a-frustrating-end-for-meeke\/#primaryimage\",\"url\":\"https:\/\/www.palletforce.com\/wp-content\/uploads\/2021\/10\/wrc_2019_rd8_080.jpg\",\"contentUrl\":\"https:\/\/www.palletforce.com\/wp-content\/uploads\/2021\/10\/wrc_2019_rd8_080.jpg\",\"width\":1500,\"height\":1000,\"caption\":\"FIA World Rally Championship 2019 \/ Round 08 \/ Rally d\u2019Italia Sardegna \/ 13-16 June, 2019 \/\/ Worldwide Copyright: Toyota Gazoo Racing WRC\"},{\"@type\":\"WebSite\",\"@id\":\"https:\/\/www.palletforce.com\/#website\",\"url\":\"https:\/\/www.palletforce.com\/\",\"name\":\"Palletforce\",\"description\":\"\",\"potentialAction\":[{\"@type\":\"SearchAction\",\"target\":{\"@type\":\"EntryPoint\",\"urlTemplate\":\"https:\/\/www.palletforce.com\/?s={search_term_string}\"},\"query-input\":{\"@type\":\"PropertyValueSpecification\",\"valueRequired\":true,\"valueName\":\"search_term_string\"}}],\"inLanguage\":\"de\"},{\"@type\":\"Person\",\"@id\":\"https:\/\/www.palletforce.com\/#\/schema\/person\/cda523345ba606e8aa2c3b33c1a282af\",\"name\":\"shona\",\"image\":{\"@type\":\"ImageObject\",\"inLanguage\":\"de\",\"@id\":\"https:\/\/www.palletforce.com\/#\/schema\/person\/image\/\",\"url\":\"https:\/\/secure.gravatar.com\/avatar\/756f72c890440fd1d188efdb640aa38ff9bae54afcbfde9221b357c60dfcc39f?s=96&d=mm&r=g\",\"contentUrl\":\"https:\/\/secure.gravatar.com\/avatar\/756f72c890440fd1d188efdb640aa38ff9bae54afcbfde9221b357c60dfcc39f?s=96&d=mm&r=g\",\"caption\":\"shona\"}}]}<\/script>\n<!-- \/ Yoast SEO plugin. -->","yoast_head_json":{"title":"Tempo in Sardinien, aber ein frustrierendes Ende f\u00fcr Meeke \u2013 Palletforce","robots":{"index":"index","follow":"follow","max-snippet":"max-snippet:-1","max-image-preview":"max-image-preview:large","max-video-preview":"max-video-preview:-1"},"canonical":"https:\/\/www.palletforce.com\/de\/pace-in-sardinia-but-a-frustrating-end-for-meeke\/","og_locale":"de_DE","og_type":"article","og_title":"Pace in Sardinia but a frustrating end for Meeke - Palletforce","og_description":"KDM Hire-backed world rally driver Kris Meeke suffered another frustrating result on round eight of the FIA World Rally Championship despite building up his pace to challenge for a podium on an event he has little experience off.","og_url":"https:\/\/www.palletforce.com\/de\/pace-in-sardinia-but-a-frustrating-end-for-meeke\/","og_site_name":"Palletforce","article_published_time":"2019-06-18T12:04:02+00:00","article_modified_time":"2021-10-22T12:04:22+00:00","og_image":[{"width":1500,"height":1000,"url":"https:\/\/www.palletforce.com\/wp-content\/uploads\/2021\/10\/wrc_2019_rd8_080.jpg","type":"image\/jpeg"}],"author":"shona","twitter_card":"summary_large_image","twitter_misc":{"Verfasst von":"shona","Gesch\u00e4tzte Lesezeit":"3\u00a0Minuten"},"schema":{"@context":"https:\/\/schema.org","@graph":[{"@type":"WebPage","@id":"https:\/\/www.palletforce.com\/en\/pace-in-sardinia-but-a-frustrating-end-for-meeke\/","url":"https:\/\/www.palletforce.com\/en\/pace-in-sardinia-but-a-frustrating-end-for-meeke\/","name":"Tempo in Sardinien, aber ein frustrierendes Ende f\u00fcr Meeke \u2013 Palletforce","isPartOf":{"@id":"https:\/\/www.palletforce.com\/#website"},"primaryImageOfPage":{"@id":"https:\/\/www.palletforce.com\/en\/pace-in-sardinia-but-a-frustrating-end-for-meeke\/#primaryimage"},"image":{"@id":"https:\/\/www.palletforce.com\/en\/pace-in-sardinia-but-a-frustrating-end-for-meeke\/#primaryimage"},"thumbnailUrl":"https:\/\/www.palletforce.com\/wp-content\/uploads\/2021\/10\/wrc_2019_rd8_080.jpg","datePublished":"2019-06-18T12:04:02+00:00","dateModified":"2021-10-22T12:04:22+00:00","author":{"@id":"https:\/\/www.palletforce.com\/#\/schema\/person\/cda523345ba606e8aa2c3b33c1a282af"},"inLanguage":"de","potentialAction":[{"@type":"ReadAction","target":["https:\/\/www.palletforce.com\/en\/pace-in-sardinia-but-a-frustrating-end-for-meeke\/"]}]},{"@type":"ImageObject","inLanguage":"de","@id":"https:\/\/www.palletforce.com\/en\/pace-in-sardinia-but-a-frustrating-end-for-meeke\/#primaryimage","url":"https:\/\/www.palletforce.com\/wp-content\/uploads\/2021\/10\/wrc_2019_rd8_080.jpg","contentUrl":"https:\/\/www.palletforce.com\/wp-content\/uploads\/2021\/10\/wrc_2019_rd8_080.jpg","width":1500,"height":1000,"caption":"FIA World Rally Championship 2019 \/ Round 08 \/ Rally d\u2019Italia Sardegna \/ 13-16 June, 2019 \/\/ Worldwide Copyright: Toyota Gazoo Racing WRC"},{"@type":"WebSite","@id":"https:\/\/www.palletforce.com\/#website","url":"https:\/\/www.palletforce.com\/","name":"Palettenkraft","description":"","potentialAction":[{"@type":"SearchAction","target":{"@type":"EntryPoint","urlTemplate":"https:\/\/www.palletforce.com\/?s={search_term_string}"},"query-input":{"@type":"PropertyValueSpecification","valueRequired":true,"valueName":"search_term_string"}}],"inLanguage":"de"},{"@type":"Person","@id":"https:\/\/www.palletforce.com\/#\/schema\/person\/cda523345ba606e8aa2c3b33c1a282af","name":"Shona","image":{"@type":"ImageObject","inLanguage":"de","@id":"https:\/\/www.palletforce.com\/#\/schema\/person\/image\/","url":"https:\/\/secure.gravatar.com\/avatar\/756f72c890440fd1d188efdb640aa38ff9bae54afcbfde9221b357c60dfcc39f?s=96&d=mm&r=g","contentUrl":"https:\/\/secure.gravatar.com\/avatar\/756f72c890440fd1d188efdb640aa38ff9bae54afcbfde9221b357c60dfcc39f?s=96&d=mm&r=g","caption":"shona"}}]}},"_links":{"self":[{"href":"https:\/\/www.palletforce.com\/de\/wp-json\/wp\/v2\/posts\/102547","targetHints":{"allow":["GET"]}}],"collection":[{"href":"https:\/\/www.palletforce.com\/de\/wp-json\/wp\/v2\/posts"}],"about":[{"href":"https:\/\/www.palletforce.com\/de\/wp-json\/wp\/v2\/types\/post"}],"author":[{"embeddable":true,"href":"https:\/\/www.palletforce.com\/de\/wp-json\/wp\/v2\/users\/18"}],"replies":[{"embeddable":true,"href":"https:\/\/www.palletforce.com\/de\/wp-json\/wp\/v2\/comments?post=102547"}],"version-history":[{"count":1,"href":"https:\/\/www.palletforce.com\/de\/wp-json\/wp\/v2\/posts\/102547\/revisions"}],"predecessor-version":[{"id":102549,"href":"https:\/\/www.palletforce.com\/de\/wp-json\/wp\/v2\/posts\/102547\/revisions\/102549"}],"wp:featuredmedia":[{"embeddable":true,"href":"https:\/\/www.palletforce.com\/de\/wp-json\/wp\/v2\/media\/102548"}],"wp:attachment":[{"href":"https:\/\/www.palletforce.com\/de\/wp-json\/wp\/v2\/media?parent=102547"}],"wp:term":[{"taxonomy":"category","embeddable":true,"href":"https:\/\/www.palletforce.com\/de\/wp-json\/wp\/v2\/categories?post=102547"},{"taxonomy":"post_tag","embeddable":true,"href":"https:\/\/www.palletforce.com\/de\/wp-json\/wp\/v2\/tags?post=102547"},{"taxonomy":"postlocation","embeddable":true,"href":"https:\/\/www.palletforce.com\/de\/wp-json\/wp\/v2\/postlocation?post=102547"},{"taxonomy":"posttype","embeddable":true,"href":"https:\/\/www.palletforce.com\/de\/wp-json\/wp\/v2\/posttype?post=102547"},{"taxonomy":"postservice","embeddable":true,"href":"https:\/\/www.palletforce.com\/de\/wp-json\/wp\/v2\/postservice?post=102547"}],"curies":[{"name":"wp","href":"https:\/\/api.w.org\/{rel}","templated":true}]}}