{"id":102556,"date":"2019-06-03T13:10:48","date_gmt":"2019-06-03T12:10:48","guid":{"rendered":"https:\/\/www.palletforce.com\/?p=102556"},"modified":"2021-10-22T13:11:09","modified_gmt":"2021-10-22T12:11:09","slug":"seasons-best-performance-ends-in-retirement-for-meeke","status":"publish","type":"post","link":"https:\/\/www.palletforce.com\/de\/seasons-best-performance-ends-in-retirement-for-meeke\/","title":{"rendered":"Die beste Saisonleistung endet f\u00fcr Meeke im Ruhestand"},"content":{"rendered":"<p>Obwohl Kris Meeke, globaler Markenbotschafter von Palletforce, erneut Rallyesieger-Pace demonstrierte und am letzten Tag nur wenige Sekunden an die Spitze herankam, musste er nach einem Last-Minute-Drama bei der Rallye Portugal seinen ersten Ausfall der Saison verbuchen.<\/p>\n\n\n\n<p>Meeke hatte w\u00e4hrend des harten Wochenendes ein beeindruckendes Ma\u00df an Konstanz gezeigt, erlag jedoch nur 500 m nach Beginn der letzten Etappe der Rallye Portugal einem Lenkfehler, nachdem er einen Baumstumpf getroffen hatte, der am Rand versteckt war.<\/p>\n\n\n\n<p>Die Rallye Portugal war eine harte, hei\u00dfe Angelegenheit mit drei Tagen Schotter-Action bei hohen Temperaturen auf den holprigen Stra\u00dfen rund um die Gastgeberstadt Porto.<\/p>\n\n\n\n<p>Meeke und Beifahrer Seb Marshall starteten stark in die neuen Etappen am Freitag in Richtung S\u00fcden. Trotz einer kaputten Sprechanlage auf der zweiten Etappe, auf der Meeke keine der entscheidenden Pacenotes empfangen konnte, fuhr er einige Bestzeiten. Seine Leistung am Nachmittag beim zweiten Pass der staubigen Etappen war sogar noch beeindruckender und er beendete den ersten Tag auf dem dritten Platz \u2013 ein 1-2-3 f\u00fcr Toyota.<\/p>\n\n\n\n<p>Staub und Hitze dominierten weiterhin den zweiten Tag und Meekes konstant starke Herangehensweise brachte ihm das Recht ein, der leistungsst\u00e4rkste Fahrer des Tages zu sein, mit einer Reihe von Top-3-Zeiten und einem Etappensieg zum Auftakt des Tages.<\/p>\n\n\n\n<p>Er wurde auf der l\u00e4ngsten Etappe der Rallye von einer gebrochenen Handbremse gebremst, um den zweiten Tag zu beenden, war aber auf den zweiten Platz vorger\u00fcckt und in einen Dreikampf um die F\u00fchrung geraten.<\/p>\n\n\n\n<p>Der letzte Tag begann mit einem weiteren Etappensieg, bei dem Meeke den Abstand zur Spitze auf nur noch 2,4 Sekunden verk\u00fcrzte. Aber dann ging es bergab, mit einem Dreher auf der vorletzten Etappe, der ihn auf den dritten Gesamtrang zur\u00fcckwarf, und einem Fehler beim letzten Test, der die Lenkung seines Yaris WRC brach und ihn nur wenige Minuten vor der Ziellinie zum sofortigen Ausscheiden zwang.<\/p>\n\n\n\n<p>Es war ein bitteres Ende f\u00fcr Meekes st\u00e4rkste Saisonleistung. Er hatte den gr\u00f6\u00dften Teil des Events Podiumspl\u00e4tze gehalten und konstant Bestzeiten gefahren, nur f\u00fcr einen kleinen Fehler, der all die gute Arbeit zunichte machte.<\/p>\n\n\n\n<p>Aber das Negative wird er fest im Hinterkopf haben, wenn er am 18. Juni f\u00fcr den achten Lauf bei der Rallye Sardinien antritt \u2013 bei \u00e4hnlich hei\u00dfen, harten und felsigen Bedingungen wie in Portugal.<\/p>\n\n\n\n<p>Kris Meeke sagte: \u201eDie Rallye Portugal war immer hart, aber f\u00fcr den gr\u00f6\u00dften Teil der Veranstaltung haben wir eine starke Geschwindigkeit gezeigt und die schwierigen Bedingungen ziemlich gut gemeistert. Das Auto f\u00fchlte sich gut an und ich konnte mit den harten Mischungsreifen auf den unebenen Stra\u00dfen vorankommen, womit ich zuvor zu k\u00e4mpfen hatte.<\/p>\n\n\n\n<p>\u201eDie Pace war gut, das Selbstvertrauen hoch und wir sind starke Zeiten gefahren. Wie gut der Yaris WRC f\u00fcr diese Bedingungen geeignet ist, zeigte die Mannschaftsleistung. Ich war entt\u00e4uscht, so kurz vor Ende der Rallye einen Fehler zu machen, was zu unserem ersten Nicht-Punkte-Finish der Saison f\u00fchrte, aber wir m\u00fcssen das einfach hinter uns lassen und weitermachen.\u201c<\/p>","protected":false},"excerpt":{"rendered":"<p>Obwohl Kris Meeke, globaler Markenbotschafter von Palletforce, erneut Rallyesieger-Pace demonstrierte und am letzten Tag nur wenige Sekunden an die Spitze herankam, musste er nach einem Last-Minute-Drama bei der Rallye Portugal seinen ersten Ausfall der Saison verbuchen.<\/p>","protected":false},"author":18,"featured_media":102557,"comment_status":"open","ping_status":"open","sticky":false,"template":"","format":"standard","meta":{"_acf_changed":false,"inline_featured_image":false,"footnotes":""},"categories":[29,57,28,97],"tags":[222],"postlocation":[],"posttype":[],"postservice":[],"class_list":["post-102556","post","type-post","status-publish","format-standard","has-post-thumbnail","hentry","category-general","category-generallatest-news","category-latest-news","category-sponsorship","tag-kris-meeke"],"acf":[],"yoast_head":"<!-- This site is optimized with the Yoast SEO plugin v26.6 - https:\/\/yoast.com\/wordpress\/plugins\/seo\/ -->\n<title>Season\u2019s Best Performance Ends In Retirement For Meeke - Palletforce<\/title>\n<meta name=\"robots\" content=\"index, follow, max-snippet:-1, max-image-preview:large, max-video-preview:-1\" \/>\n<link rel=\"canonical\" href=\"https:\/\/www.palletforce.com\/de\/seasons-best-performance-ends-in-retirement-for-meeke\/\" \/>\n<meta property=\"og:locale\" content=\"de_DE\" \/>\n<meta property=\"og:type\" content=\"article\" \/>\n<meta property=\"og:title\" content=\"Season\u2019s Best Performance Ends In Retirement For Meeke - Palletforce\" \/>\n<meta property=\"og:description\" content=\"Despite again demonstrating rally-winning pace and coming within a few seconds of the lead on the final day, Palletforce global brand ambassador Kris Meeke recorded his first retirement of the season after last-minute drama on Rally Portugal.\" \/>\n<meta property=\"og:url\" content=\"https:\/\/www.palletforce.com\/de\/seasons-best-performance-ends-in-retirement-for-meeke\/\" \/>\n<meta property=\"og:site_name\" content=\"Palletforce\" \/>\n<meta property=\"article:published_time\" content=\"2019-06-03T12:10:48+00:00\" \/>\n<meta property=\"article:modified_time\" content=\"2021-10-22T12:11:09+00:00\" \/>\n<meta property=\"og:image\" content=\"https:\/\/www.palletforce.com\/wp-content\/uploads\/2021\/10\/wrc_2019_rd7_175.jpg\" \/>\n\t<meta property=\"og:image:width\" content=\"1500\" \/>\n\t<meta property=\"og:image:height\" content=\"1000\" \/>\n\t<meta property=\"og:image:type\" content=\"image\/jpeg\" \/>\n<meta name=\"author\" content=\"shona\" \/>\n<meta name=\"twitter:card\" content=\"summary_large_image\" \/>\n<meta name=\"twitter:label1\" content=\"Verfasst von\" \/>\n\t<meta name=\"twitter:data1\" content=\"shona\" \/>\n\t<meta name=\"twitter:label2\" content=\"Gesch\u00e4tzte Lesezeit\" \/>\n\t<meta name=\"twitter:data2\" content=\"3\u00a0Minuten\" \/>\n<script type=\"application\/ld+json\" class=\"yoast-schema-graph\">{\"@context\":\"https:\/\/schema.org\",\"@graph\":[{\"@type\":\"WebPage\",\"@id\":\"https:\/\/www.palletforce.com\/en\/seasons-best-performance-ends-in-retirement-for-meeke\/\",\"url\":\"https:\/\/www.palletforce.com\/en\/seasons-best-performance-ends-in-retirement-for-meeke\/\",\"name\":\"Season\u2019s Best Performance Ends In Retirement For Meeke - Palletforce\",\"isPartOf\":{\"@id\":\"https:\/\/www.palletforce.com\/#website\"},\"primaryImageOfPage\":{\"@id\":\"https:\/\/www.palletforce.com\/en\/seasons-best-performance-ends-in-retirement-for-meeke\/#primaryimage\"},\"image\":{\"@id\":\"https:\/\/www.palletforce.com\/en\/seasons-best-performance-ends-in-retirement-for-meeke\/#primaryimage\"},\"thumbnailUrl\":\"https:\/\/www.palletforce.com\/wp-content\/uploads\/2021\/10\/wrc_2019_rd7_175.jpg\",\"datePublished\":\"2019-06-03T12:10:48+00:00\",\"dateModified\":\"2021-10-22T12:11:09+00:00\",\"author\":{\"@id\":\"https:\/\/www.palletforce.com\/#\/schema\/person\/cda523345ba606e8aa2c3b33c1a282af\"},\"inLanguage\":\"de\",\"potentialAction\":[{\"@type\":\"ReadAction\",\"target\":[\"https:\/\/www.palletforce.com\/en\/seasons-best-performance-ends-in-retirement-for-meeke\/\"]}]},{\"@type\":\"ImageObject\",\"inLanguage\":\"de\",\"@id\":\"https:\/\/www.palletforce.com\/en\/seasons-best-performance-ends-in-retirement-for-meeke\/#primaryimage\",\"url\":\"https:\/\/www.palletforce.com\/wp-content\/uploads\/2021\/10\/wrc_2019_rd7_175.jpg\",\"contentUrl\":\"https:\/\/www.palletforce.com\/wp-content\/uploads\/2021\/10\/wrc_2019_rd7_175.jpg\",\"width\":1500,\"height\":1000,\"caption\":\"FIA World Rally Championship 2019 \/ Round 07 \/ Rally Portugal \/ 30th May - 2nd June, 2019 \/\/ Worldwide Copyright: Toyota Gazoo Racing WRC\"},{\"@type\":\"WebSite\",\"@id\":\"https:\/\/www.palletforce.com\/#website\",\"url\":\"https:\/\/www.palletforce.com\/\",\"name\":\"Palletforce\",\"description\":\"\",\"potentialAction\":[{\"@type\":\"SearchAction\",\"target\":{\"@type\":\"EntryPoint\",\"urlTemplate\":\"https:\/\/www.palletforce.com\/?s={search_term_string}\"},\"query-input\":{\"@type\":\"PropertyValueSpecification\",\"valueRequired\":true,\"valueName\":\"search_term_string\"}}],\"inLanguage\":\"de\"},{\"@type\":\"Person\",\"@id\":\"https:\/\/www.palletforce.com\/#\/schema\/person\/cda523345ba606e8aa2c3b33c1a282af\",\"name\":\"shona\",\"image\":{\"@type\":\"ImageObject\",\"inLanguage\":\"de\",\"@id\":\"https:\/\/www.palletforce.com\/#\/schema\/person\/image\/\",\"url\":\"https:\/\/secure.gravatar.com\/avatar\/756f72c890440fd1d188efdb640aa38ff9bae54afcbfde9221b357c60dfcc39f?s=96&d=mm&r=g\",\"contentUrl\":\"https:\/\/secure.gravatar.com\/avatar\/756f72c890440fd1d188efdb640aa38ff9bae54afcbfde9221b357c60dfcc39f?s=96&d=mm&r=g\",\"caption\":\"shona\"}}]}<\/script>\n<!-- \/ Yoast SEO plugin. -->","yoast_head_json":{"title":"Season\u2019s Best Performance Ends In Retirement For Meeke - Palletforce","robots":{"index":"index","follow":"follow","max-snippet":"max-snippet:-1","max-image-preview":"max-image-preview:large","max-video-preview":"max-video-preview:-1"},"canonical":"https:\/\/www.palletforce.com\/de\/seasons-best-performance-ends-in-retirement-for-meeke\/","og_locale":"de_DE","og_type":"article","og_title":"Season\u2019s Best Performance Ends In Retirement For Meeke - Palletforce","og_description":"Despite again demonstrating rally-winning pace and coming within a few seconds of the lead on the final day, Palletforce global brand ambassador Kris Meeke recorded his first retirement of the season after last-minute drama on Rally Portugal.","og_url":"https:\/\/www.palletforce.com\/de\/seasons-best-performance-ends-in-retirement-for-meeke\/","og_site_name":"Palletforce","article_published_time":"2019-06-03T12:10:48+00:00","article_modified_time":"2021-10-22T12:11:09+00:00","og_image":[{"width":1500,"height":1000,"url":"https:\/\/www.palletforce.com\/wp-content\/uploads\/2021\/10\/wrc_2019_rd7_175.jpg","type":"image\/jpeg"}],"author":"shona","twitter_card":"summary_large_image","twitter_misc":{"Verfasst von":"shona","Gesch\u00e4tzte Lesezeit":"3\u00a0Minuten"},"schema":{"@context":"https:\/\/schema.org","@graph":[{"@type":"WebPage","@id":"https:\/\/www.palletforce.com\/en\/seasons-best-performance-ends-in-retirement-for-meeke\/","url":"https:\/\/www.palletforce.com\/en\/seasons-best-performance-ends-in-retirement-for-meeke\/","name":"Season\u2019s Best Performance Ends In Retirement For Meeke - Palletforce","isPartOf":{"@id":"https:\/\/www.palletforce.com\/#website"},"primaryImageOfPage":{"@id":"https:\/\/www.palletforce.com\/en\/seasons-best-performance-ends-in-retirement-for-meeke\/#primaryimage"},"image":{"@id":"https:\/\/www.palletforce.com\/en\/seasons-best-performance-ends-in-retirement-for-meeke\/#primaryimage"},"thumbnailUrl":"https:\/\/www.palletforce.com\/wp-content\/uploads\/2021\/10\/wrc_2019_rd7_175.jpg","datePublished":"2019-06-03T12:10:48+00:00","dateModified":"2021-10-22T12:11:09+00:00","author":{"@id":"https:\/\/www.palletforce.com\/#\/schema\/person\/cda523345ba606e8aa2c3b33c1a282af"},"inLanguage":"de","potentialAction":[{"@type":"ReadAction","target":["https:\/\/www.palletforce.com\/en\/seasons-best-performance-ends-in-retirement-for-meeke\/"]}]},{"@type":"ImageObject","inLanguage":"de","@id":"https:\/\/www.palletforce.com\/en\/seasons-best-performance-ends-in-retirement-for-meeke\/#primaryimage","url":"https:\/\/www.palletforce.com\/wp-content\/uploads\/2021\/10\/wrc_2019_rd7_175.jpg","contentUrl":"https:\/\/www.palletforce.com\/wp-content\/uploads\/2021\/10\/wrc_2019_rd7_175.jpg","width":1500,"height":1000,"caption":"FIA World Rally Championship 2019 \/ Round 07 \/ Rally Portugal \/ 30th May - 2nd June, 2019 \/\/ Worldwide Copyright: Toyota Gazoo Racing WRC"},{"@type":"WebSite","@id":"https:\/\/www.palletforce.com\/#website","url":"https:\/\/www.palletforce.com\/","name":"Palettenkraft","description":"","potentialAction":[{"@type":"SearchAction","target":{"@type":"EntryPoint","urlTemplate":"https:\/\/www.palletforce.com\/?s={search_term_string}"},"query-input":{"@type":"PropertyValueSpecification","valueRequired":true,"valueName":"search_term_string"}}],"inLanguage":"de"},{"@type":"Person","@id":"https:\/\/www.palletforce.com\/#\/schema\/person\/cda523345ba606e8aa2c3b33c1a282af","name":"Shona","image":{"@type":"ImageObject","inLanguage":"de","@id":"https:\/\/www.palletforce.com\/#\/schema\/person\/image\/","url":"https:\/\/secure.gravatar.com\/avatar\/756f72c890440fd1d188efdb640aa38ff9bae54afcbfde9221b357c60dfcc39f?s=96&d=mm&r=g","contentUrl":"https:\/\/secure.gravatar.com\/avatar\/756f72c890440fd1d188efdb640aa38ff9bae54afcbfde9221b357c60dfcc39f?s=96&d=mm&r=g","caption":"shona"}}]}},"_links":{"self":[{"href":"https:\/\/www.palletforce.com\/de\/wp-json\/wp\/v2\/posts\/102556","targetHints":{"allow":["GET"]}}],"collection":[{"href":"https:\/\/www.palletforce.com\/de\/wp-json\/wp\/v2\/posts"}],"about":[{"href":"https:\/\/www.palletforce.com\/de\/wp-json\/wp\/v2\/types\/post"}],"author":[{"embeddable":true,"href":"https:\/\/www.palletforce.com\/de\/wp-json\/wp\/v2\/users\/18"}],"replies":[{"embeddable":true,"href":"https:\/\/www.palletforce.com\/de\/wp-json\/wp\/v2\/comments?post=102556"}],"version-history":[{"count":1,"href":"https:\/\/www.palletforce.com\/de\/wp-json\/wp\/v2\/posts\/102556\/revisions"}],"predecessor-version":[{"id":102558,"href":"https:\/\/www.palletforce.com\/de\/wp-json\/wp\/v2\/posts\/102556\/revisions\/102558"}],"wp:featuredmedia":[{"embeddable":true,"href":"https:\/\/www.palletforce.com\/de\/wp-json\/wp\/v2\/media\/102557"}],"wp:attachment":[{"href":"https:\/\/www.palletforce.com\/de\/wp-json\/wp\/v2\/media?parent=102556"}],"wp:term":[{"taxonomy":"category","embeddable":true,"href":"https:\/\/www.palletforce.com\/de\/wp-json\/wp\/v2\/categories?post=102556"},{"taxonomy":"post_tag","embeddable":true,"href":"https:\/\/www.palletforce.com\/de\/wp-json\/wp\/v2\/tags?post=102556"},{"taxonomy":"postlocation","embeddable":true,"href":"https:\/\/www.palletforce.com\/de\/wp-json\/wp\/v2\/postlocation?post=102556"},{"taxonomy":"posttype","embeddable":true,"href":"https:\/\/www.palletforce.com\/de\/wp-json\/wp\/v2\/posttype?post=102556"},{"taxonomy":"postservice","embeddable":true,"href":"https:\/\/www.palletforce.com\/de\/wp-json\/wp\/v2\/postservice?post=102556"}],"curies":[{"name":"wp","href":"https:\/\/api.w.org\/{rel}","templated":true}]}}