{"id":102201,"date":"2020-05-11T16:19:30","date_gmt":"2020-05-11T15:19:30","guid":{"rendered":"https:\/\/www.palletforce.com\/?p=102201"},"modified":"2021-10-18T16:19:48","modified_gmt":"2021-10-18T15:19:48","slug":"ev-cargo-strengthens-its-senior-team-and-builds-for-the-future","status":"publish","type":"post","link":"https:\/\/www.palletforce.com\/es\/ev-cargo-strengthens-its-senior-team-and-builds-for-the-future\/","title":{"rendered":"EV Cargo fortalece su equipo s\u00e9nior y construye para el futuro"},"content":{"rendered":"<p>El negocio global de log\u00edstica y tecnolog\u00eda EV Cargo ha fortalecido su equipo ejecutivo con el nombramiento de tres vicepresidentes ejecutivos en funciones de desarrollo comercial, marketing y comunicaciones y tecnolog\u00eda.<\/p>\n\n\n\n<p>Anteriormente asesor senior en EV Cargo, Ross Eggleton se convierte en vicepresidente ejecutivo de desarrollo comercial, aportando una amplia gama de experiencia en FMCG, venta minorista y cadena de suministro de consumo.<\/p>\n\n\n\n<p>Los antiguos directores de Palletforce, Dave Holland y Dean Hughes, han sido nombrados vicepresidentes ejecutivos de marketing y comunicaciones y tecnolog\u00eda de la informaci\u00f3n, respectivamente.<\/p>\n\n\n\n<p>Holland ha impulsado la presencia en el mercado, la marca y las comunicaciones de EV Cargo, mientras que Hughes es responsable de ser pionera en muchas innovaciones tecnol\u00f3gicas galardonadas, incluido el aprovechamiento de la inteligencia artificial para herramientas patentadas que optimizan las cadenas de suministro.<\/p>\n\n\n\n<p>EV Cargo contin\u00faa con su cultura de promoci\u00f3n desde dentro del negocio, invirtiendo en nuevos roles y experiencia para fortalecer sus s\u00f3lidos equipos ejecutivos y de gesti\u00f3n.<\/p>\n\n\n\n<p>Heath Zarin, director ejecutivo de EV Cargo, dijo: \u201cDamos la bienvenida a Ross, Dave y Dean a estos puestos de vicepresidente ejecutivo reci\u00e9n creados, fortaleciendo nuestro equipo de liderazgo s\u00e9nior y posicion\u00e1ndonos para alcanzar nuestro m\u00e1ximo potencial en los mercados globales.<\/p>\n\n\n\n<p>\u201cEV Cargo sigue comprometido con la mentalidad de crecimiento y seguir\u00e1 invirtiendo en nuestra gente. Promovemos activamente una cultura de progresi\u00f3n profesional para garantizar que contamos con las mejores personas para ofrecer soluciones de cadena de suministro integradas para las marcas l\u00edderes en el mundo\u201d.<\/p>","protected":false},"excerpt":{"rendered":"<p>El negocio global de log\u00edstica y tecnolog\u00eda EV Cargo ha fortalecido su equipo ejecutivo con el nombramiento de tres vicepresidentes ejecutivos en funciones de desarrollo comercial, marketing y comunicaciones y tecnolog\u00eda.<\/p>","protected":false},"author":18,"featured_media":102202,"comment_status":"open","ping_status":"open","sticky":false,"template":"","format":"standard","meta":{"_acf_changed":false,"inline_featured_image":false,"footnotes":""},"categories":[29,57,28],"tags":[],"postlocation":[],"posttype":[],"postservice":[],"class_list":["post-102201","post","type-post","status-publish","format-standard","has-post-thumbnail","hentry","category-general","category-generallatest-news","category-latest-news"],"acf":[],"yoast_head":"<!-- This site is optimized with the Yoast SEO plugin v26.6 - https:\/\/yoast.com\/wordpress\/plugins\/seo\/ -->\n<title>EV Cargo Strengthens its Senior Team and Builds for the Future - Palletforce<\/title>\n<meta name=\"robots\" content=\"index, follow, max-snippet:-1, max-image-preview:large, max-video-preview:-1\" \/>\n<link rel=\"canonical\" href=\"https:\/\/www.palletforce.com\/es\/ev-cargo-strengthens-its-senior-team-and-builds-for-the-future\/\" \/>\n<meta property=\"og:locale\" content=\"es_ES\" \/>\n<meta property=\"og:type\" content=\"article\" \/>\n<meta property=\"og:title\" content=\"EV Cargo Strengthens its Senior Team and Builds for the Future - Palletforce\" \/>\n<meta property=\"og:description\" content=\"Global logistics and technology business EV Cargo has strengthened its executive team with the appointment of three Executive Vice Presidents across business development, marketing and communications, and technology functions.\" \/>\n<meta property=\"og:url\" content=\"https:\/\/www.palletforce.com\/es\/ev-cargo-strengthens-its-senior-team-and-builds-for-the-future\/\" \/>\n<meta property=\"og:site_name\" content=\"Palletforce\" \/>\n<meta property=\"article:published_time\" content=\"2020-05-11T15:19:30+00:00\" \/>\n<meta property=\"article:modified_time\" content=\"2021-10-18T15:19:48+00:00\" \/>\n<meta property=\"og:image\" content=\"https:\/\/www.palletforce.com\/wp-content\/uploads\/2021\/10\/news-story-image-1-1024x508-2.jpg\" \/>\n\t<meta property=\"og:image:width\" content=\"1024\" \/>\n\t<meta property=\"og:image:height\" content=\"508\" \/>\n\t<meta property=\"og:image:type\" content=\"image\/jpeg\" \/>\n<meta name=\"author\" content=\"shona\" \/>\n<meta name=\"twitter:card\" content=\"summary_large_image\" \/>\n<meta name=\"twitter:label1\" content=\"Escrito por\" \/>\n\t<meta name=\"twitter:data1\" content=\"shona\" \/>\n\t<meta name=\"twitter:label2\" content=\"Tiempo de lectura\" \/>\n\t<meta name=\"twitter:data2\" content=\"1 minuto\" \/>\n<script type=\"application\/ld+json\" class=\"yoast-schema-graph\">{\"@context\":\"https:\/\/schema.org\",\"@graph\":[{\"@type\":\"WebPage\",\"@id\":\"https:\/\/www.palletforce.com\/en\/ev-cargo-strengthens-its-senior-team-and-builds-for-the-future\/\",\"url\":\"https:\/\/www.palletforce.com\/en\/ev-cargo-strengthens-its-senior-team-and-builds-for-the-future\/\",\"name\":\"EV Cargo Strengthens its Senior Team and Builds for the Future - Palletforce\",\"isPartOf\":{\"@id\":\"https:\/\/www.palletforce.com\/#website\"},\"primaryImageOfPage\":{\"@id\":\"https:\/\/www.palletforce.com\/en\/ev-cargo-strengthens-its-senior-team-and-builds-for-the-future\/#primaryimage\"},\"image\":{\"@id\":\"https:\/\/www.palletforce.com\/en\/ev-cargo-strengthens-its-senior-team-and-builds-for-the-future\/#primaryimage\"},\"thumbnailUrl\":\"https:\/\/www.palletforce.com\/wp-content\/uploads\/2021\/10\/news-story-image-1-1024x508-2.jpg\",\"datePublished\":\"2020-05-11T15:19:30+00:00\",\"dateModified\":\"2021-10-18T15:19:48+00:00\",\"author\":{\"@id\":\"https:\/\/www.palletforce.com\/#\/schema\/person\/cda523345ba606e8aa2c3b33c1a282af\"},\"inLanguage\":\"es\",\"potentialAction\":[{\"@type\":\"ReadAction\",\"target\":[\"https:\/\/www.palletforce.com\/en\/ev-cargo-strengthens-its-senior-team-and-builds-for-the-future\/\"]}]},{\"@type\":\"ImageObject\",\"inLanguage\":\"es\",\"@id\":\"https:\/\/www.palletforce.com\/en\/ev-cargo-strengthens-its-senior-team-and-builds-for-the-future\/#primaryimage\",\"url\":\"https:\/\/www.palletforce.com\/wp-content\/uploads\/2021\/10\/news-story-image-1-1024x508-2.jpg\",\"contentUrl\":\"https:\/\/www.palletforce.com\/wp-content\/uploads\/2021\/10\/news-story-image-1-1024x508-2.jpg\",\"width\":1024,\"height\":508},{\"@type\":\"WebSite\",\"@id\":\"https:\/\/www.palletforce.com\/#website\",\"url\":\"https:\/\/www.palletforce.com\/\",\"name\":\"Palletforce\",\"description\":\"\",\"potentialAction\":[{\"@type\":\"SearchAction\",\"target\":{\"@type\":\"EntryPoint\",\"urlTemplate\":\"https:\/\/www.palletforce.com\/?s={search_term_string}\"},\"query-input\":{\"@type\":\"PropertyValueSpecification\",\"valueRequired\":true,\"valueName\":\"search_term_string\"}}],\"inLanguage\":\"es\"},{\"@type\":\"Person\",\"@id\":\"https:\/\/www.palletforce.com\/#\/schema\/person\/cda523345ba606e8aa2c3b33c1a282af\",\"name\":\"shona\",\"image\":{\"@type\":\"ImageObject\",\"inLanguage\":\"es\",\"@id\":\"https:\/\/www.palletforce.com\/#\/schema\/person\/image\/\",\"url\":\"https:\/\/secure.gravatar.com\/avatar\/756f72c890440fd1d188efdb640aa38ff9bae54afcbfde9221b357c60dfcc39f?s=96&d=mm&r=g\",\"contentUrl\":\"https:\/\/secure.gravatar.com\/avatar\/756f72c890440fd1d188efdb640aa38ff9bae54afcbfde9221b357c60dfcc39f?s=96&d=mm&r=g\",\"caption\":\"shona\"}}]}<\/script>\n<!-- \/ Yoast SEO plugin. -->","yoast_head_json":{"title":"EV Cargo refuerza su equipo directivo y se prepara para el futuro - Palletforce","robots":{"index":"index","follow":"follow","max-snippet":"max-snippet:-1","max-image-preview":"max-image-preview:large","max-video-preview":"max-video-preview:-1"},"canonical":"https:\/\/www.palletforce.com\/es\/ev-cargo-strengthens-its-senior-team-and-builds-for-the-future\/","og_locale":"es_ES","og_type":"article","og_title":"EV Cargo Strengthens its Senior Team and Builds for the Future - Palletforce","og_description":"Global logistics and technology business EV Cargo has strengthened its executive team with the appointment of three Executive Vice Presidents across business development, marketing and communications, and technology functions.","og_url":"https:\/\/www.palletforce.com\/es\/ev-cargo-strengthens-its-senior-team-and-builds-for-the-future\/","og_site_name":"Palletforce","article_published_time":"2020-05-11T15:19:30+00:00","article_modified_time":"2021-10-18T15:19:48+00:00","og_image":[{"width":1024,"height":508,"url":"https:\/\/www.palletforce.com\/wp-content\/uploads\/2021\/10\/news-story-image-1-1024x508-2.jpg","type":"image\/jpeg"}],"author":"shona","twitter_card":"summary_large_image","twitter_misc":{"Escrito por":"shona","Tiempo de lectura":"1 minuto"},"schema":{"@context":"https:\/\/schema.org","@graph":[{"@type":"WebPage","@id":"https:\/\/www.palletforce.com\/en\/ev-cargo-strengthens-its-senior-team-and-builds-for-the-future\/","url":"https:\/\/www.palletforce.com\/en\/ev-cargo-strengthens-its-senior-team-and-builds-for-the-future\/","name":"EV Cargo refuerza su equipo directivo y se prepara para el futuro - Palletforce","isPartOf":{"@id":"https:\/\/www.palletforce.com\/#website"},"primaryImageOfPage":{"@id":"https:\/\/www.palletforce.com\/en\/ev-cargo-strengthens-its-senior-team-and-builds-for-the-future\/#primaryimage"},"image":{"@id":"https:\/\/www.palletforce.com\/en\/ev-cargo-strengthens-its-senior-team-and-builds-for-the-future\/#primaryimage"},"thumbnailUrl":"https:\/\/www.palletforce.com\/wp-content\/uploads\/2021\/10\/news-story-image-1-1024x508-2.jpg","datePublished":"2020-05-11T15:19:30+00:00","dateModified":"2021-10-18T15:19:48+00:00","author":{"@id":"https:\/\/www.palletforce.com\/#\/schema\/person\/cda523345ba606e8aa2c3b33c1a282af"},"inLanguage":"es","potentialAction":[{"@type":"ReadAction","target":["https:\/\/www.palletforce.com\/en\/ev-cargo-strengthens-its-senior-team-and-builds-for-the-future\/"]}]},{"@type":"ImageObject","inLanguage":"es","@id":"https:\/\/www.palletforce.com\/en\/ev-cargo-strengthens-its-senior-team-and-builds-for-the-future\/#primaryimage","url":"https:\/\/www.palletforce.com\/wp-content\/uploads\/2021\/10\/news-story-image-1-1024x508-2.jpg","contentUrl":"https:\/\/www.palletforce.com\/wp-content\/uploads\/2021\/10\/news-story-image-1-1024x508-2.jpg","width":1024,"height":508},{"@type":"WebSite","@id":"https:\/\/www.palletforce.com\/#website","url":"https:\/\/www.palletforce.com\/","name":"Palletforce","description":"","potentialAction":[{"@type":"SearchAction","target":{"@type":"EntryPoint","urlTemplate":"https:\/\/www.palletforce.com\/?s={search_term_string}"},"query-input":{"@type":"PropertyValueSpecification","valueRequired":true,"valueName":"search_term_string"}}],"inLanguage":"es"},{"@type":"Person","@id":"https:\/\/www.palletforce.com\/#\/schema\/person\/cda523345ba606e8aa2c3b33c1a282af","name":"Shona","image":{"@type":"ImageObject","inLanguage":"es","@id":"https:\/\/www.palletforce.com\/#\/schema\/person\/image\/","url":"https:\/\/secure.gravatar.com\/avatar\/756f72c890440fd1d188efdb640aa38ff9bae54afcbfde9221b357c60dfcc39f?s=96&d=mm&r=g","contentUrl":"https:\/\/secure.gravatar.com\/avatar\/756f72c890440fd1d188efdb640aa38ff9bae54afcbfde9221b357c60dfcc39f?s=96&d=mm&r=g","caption":"shona"}}]}},"_links":{"self":[{"href":"https:\/\/www.palletforce.com\/es\/wp-json\/wp\/v2\/posts\/102201","targetHints":{"allow":["GET"]}}],"collection":[{"href":"https:\/\/www.palletforce.com\/es\/wp-json\/wp\/v2\/posts"}],"about":[{"href":"https:\/\/www.palletforce.com\/es\/wp-json\/wp\/v2\/types\/post"}],"author":[{"embeddable":true,"href":"https:\/\/www.palletforce.com\/es\/wp-json\/wp\/v2\/users\/18"}],"replies":[{"embeddable":true,"href":"https:\/\/www.palletforce.com\/es\/wp-json\/wp\/v2\/comments?post=102201"}],"version-history":[{"count":1,"href":"https:\/\/www.palletforce.com\/es\/wp-json\/wp\/v2\/posts\/102201\/revisions"}],"predecessor-version":[{"id":102203,"href":"https:\/\/www.palletforce.com\/es\/wp-json\/wp\/v2\/posts\/102201\/revisions\/102203"}],"wp:featuredmedia":[{"embeddable":true,"href":"https:\/\/www.palletforce.com\/es\/wp-json\/wp\/v2\/media\/102202"}],"wp:attachment":[{"href":"https:\/\/www.palletforce.com\/es\/wp-json\/wp\/v2\/media?parent=102201"}],"wp:term":[{"taxonomy":"category","embeddable":true,"href":"https:\/\/www.palletforce.com\/es\/wp-json\/wp\/v2\/categories?post=102201"},{"taxonomy":"post_tag","embeddable":true,"href":"https:\/\/www.palletforce.com\/es\/wp-json\/wp\/v2\/tags?post=102201"},{"taxonomy":"postlocation","embeddable":true,"href":"https:\/\/www.palletforce.com\/es\/wp-json\/wp\/v2\/postlocation?post=102201"},{"taxonomy":"posttype","embeddable":true,"href":"https:\/\/www.palletforce.com\/es\/wp-json\/wp\/v2\/posttype?post=102201"},{"taxonomy":"postservice","embeddable":true,"href":"https:\/\/www.palletforce.com\/es\/wp-json\/wp\/v2\/postservice?post=102201"}],"curies":[{"name":"wp","href":"https:\/\/api.w.org\/{rel}","templated":true}]}}