{"id":102324,"date":"2019-01-11T15:47:00","date_gmt":"2019-01-11T15:47:00","guid":{"rendered":"https:\/\/www.palletforce.com\/?p=102324"},"modified":"2021-10-20T04:20:34","modified_gmt":"2021-10-20T03:20:34","slug":"ev-cargo-confirms-executive-appointments-and-management-changes","status":"publish","type":"post","link":"https:\/\/www.palletforce.com\/fr\/ev-cargo-confirms-executive-appointments-and-management-changes\/","title":{"rendered":"EV Cargo confirme les nominations \u00e0 la direction et les changements de direction"},"content":{"rendered":"<p><a rel=\"noreferrer noopener\" href=\"https:\/\/www.evcargo.co.uk\/\" target=\"_blank\">VE Cargo<\/a>, le plus grand groupe logistique priv\u00e9 du Royaume-Uni, a annonc\u00e9 une s\u00e9rie de nominations \u00e0 la direction et \u00e0 la direction apr\u00e8s une p\u00e9riode commerciale festive r\u00e9ussie \u00e0 l&#039;\u00e9chelle du groupe.<\/p>\n\n\n\n<p>Cr\u00e9\u00e9 par l&#039;investisseur sp\u00e9cialis\u00e9 en capital-investissement EmergeVest, EV Cargo a \u00e9t\u00e9 lanc\u00e9 en novembre 2018 apr\u00e8s la consolidation de six entreprises de logistique britanniques.<\/p>\n\n\n\n<p>L&#039;entreprise compte quatre segments op\u00e9rationnels, les directeurs g\u00e9n\u00e9raux de chaque segment prenant place au conseil d&#039;administration du groupe tout en conservant leurs r\u00f4les actuels au sein de chaque entreprise individuelle. Ils rel\u00e8veront directement du directeur g\u00e9n\u00e9ral d&#039;EV Cargo, Heath Zarin.<\/p>\n\n\n\n<p>Le directeur g\u00e9n\u00e9ral de Palletforce, Michael Conroy, dirigera le segment Express, Clyde Buntrock de&nbsp;<a rel=\"noreferrer noopener\" href=\"https:\/\/allportcargoservices.com\/\" target=\"_blank\">Services de fret Allport<\/a>&nbsp;supervisera Global Forwarding tandis que&nbsp;<a rel=\"noreferrer noopener\" href=\"https:\/\/www.adjuno.com\/\" target=\"_blank\">Adjuno<\/a>&nbsp;le directeur g\u00e9n\u00e9ral Craig Sears-Black prendra en charge le segment Technologie.<\/p>\n\n\n\n<p>Heath Zarin deviendra \u00e9galement directeur g\u00e9n\u00e9ral de la division Logistique, au sein de laquelle&nbsp;<a rel=\"noreferrer noopener\" href=\"http:\/\/www.downton.co.uk\/\" target=\"_blank\">CM Downton<\/a>,&nbsp;<a rel=\"noreferrer noopener\" href=\"http:\/\/www.jigsawtransport.com\/\" target=\"_blank\">Scie sauteuse<\/a>&nbsp;et&nbsp;<a rel=\"noreferrer noopener\" href=\"http:\/\/www.nft.co.uk\/\" target=\"_blank\">NFT<\/a>&nbsp;fonctionnera.<\/p>\n\n\n\n<p>Il y a \u00e9galement un certain nombre de changements au sein des entreprises individuelles, qui font tous partie de la planification de la rel\u00e8ve \u00e0 long terme de cette entreprise.<\/p>\n\n\n\n<p>Duncan Eyre a \u00e9t\u00e9 nomm\u00e9 directeur g\u00e9n\u00e9ral de CM Downton en janvier pour permettre \u00e0 Andy, Richard et John Downton de passer \u00e0 des r\u00f4les non ex\u00e9cutifs.&nbsp;<\/p>\n\n\n\n<p>Zac Brown a rejoint CM Downton en tant que directeur des op\u00e9rations tandis que le directeur financier Ben Armstrong deviendra directeur financier de l&#039;unit\u00e9 EV Cargo Logistics.<\/p>\n\n\n\n<p>D\u00e9but janvier, Palletforce a nomm\u00e9 Steve Back au poste de directeur financier, en remplacement de Neil Carpenter qui occupe le nouveau poste de conseiller principal.<\/p>\n\n\n\n<p>Mel Brockhouse et Aaron Scott deviendront codirecteurs g\u00e9n\u00e9raux de NFT, Mel prenant la responsabilit\u00e9 op\u00e9rationnelle au sein du groupe NFT et Aaron se concentrant sur le d\u00e9veloppement de la client\u00e8le et l&#039;am\u00e9lioration continue. Ross Eggleton passera \u00e0 un r\u00f4le de conseiller principal pour EV Cargo afin de d\u00e9velopper des initiatives strat\u00e9giques \u00e0 travers le groupe.<\/p>\n\n\n\n<p>En mars, Charles McGurin passera \u00e0 un poste non ex\u00e9cutif au sein du groupe EV Cargo et Clyde Buntrock prendra la rel\u00e8ve en tant que directeur g\u00e9n\u00e9ral d&#039;Allport Cargo Services.&nbsp;<\/p>\n\n\n\n<p>Andy Humpherson continue dans son poste actuel de directeur g\u00e9n\u00e9ral de Jigsaw.<\/p>\n\n\n\n<p>Heath Zarin, directeur g\u00e9n\u00e9ral d&#039;EV Cargo, a d\u00e9clar\u00e9 : &quot;Avec la nomination de directeurs g\u00e9n\u00e9raux pour chaque segment d&#039;exploitation, ainsi que des changements de gestion strat\u00e9giques cl\u00e9s dans les entreprises individuelles, nous avons cr\u00e9\u00e9 une structure solide pour nous aider \u00e0 mettre en \u0153uvre notre strat\u00e9gie \u00e0 long terme de valeur ajout\u00e9e pour nos clients et une croissance soutenue dans l&#039;ensemble du groupe.<\/p>\n\n\n\n<p>&quot;L&#039;une des principales priorit\u00e9s lors de la cr\u00e9ation d&#039;EV Cargo \u00e9tait de garantir que les besoins de nos clients soient syst\u00e9matiquement satisfaits dans tous les secteurs de l&#039;entreprise. La division Logistique traite avec un certain nombre de clients li\u00e9s et nous avons mis en place une structure de gestion simple, rapportant \u00e0 moi-m\u00eame, pour nous permettre de fournir le meilleur service \u00e0 nos clients.<\/p>","protected":false},"excerpt":{"rendered":"<p>EV Cargo, le plus grand groupe logistique priv\u00e9 du Royaume-Uni, a annonc\u00e9 une s\u00e9rie de nominations \u00e0 la direction et \u00e0 la direction apr\u00e8s une p\u00e9riode commerciale festive r\u00e9ussie \u00e0 l&#039;\u00e9chelle du groupe.<\/p>","protected":false},"author":21,"featured_media":102329,"comment_status":"open","ping_status":"open","sticky":false,"template":"","format":"standard","meta":{"_acf_changed":false,"inline_featured_image":false,"footnotes":""},"categories":[29,57,54,105,28,49,26],"tags":[216,217,214,215,100],"postlocation":[],"posttype":[],"postservice":[],"class_list":["post-102324","post","type-post","status-publish","format-standard","has-post-thumbnail","hentry","category-general","category-generallatest-news","category-generalmedia-room","category-industry-news","category-latest-news","category-media-room","category-news","tag-clyde-buntrock","tag-craig-sears-black","tag-ev-cargo","tag-heath-zarin","tag-michael-conroy"],"acf":[],"yoast_head":"<!-- This site is optimized with the Yoast SEO plugin v26.6 - https:\/\/yoast.com\/wordpress\/plugins\/seo\/ -->\n<title>EV Cargo confirms executive appointments and management changes - Palletforce<\/title>\n<meta name=\"robots\" content=\"index, follow, max-snippet:-1, max-image-preview:large, max-video-preview:-1\" \/>\n<link rel=\"canonical\" href=\"https:\/\/www.palletforce.com\/fr\/ev-cargo-confirms-executive-appointments-and-management-changes\/\" \/>\n<meta property=\"og:locale\" content=\"fr_FR\" \/>\n<meta property=\"og:type\" content=\"article\" \/>\n<meta property=\"og:title\" content=\"EV Cargo confirms executive appointments and management changes - Palletforce\" \/>\n<meta property=\"og:description\" content=\"EV Cargo, the UK\u2019s largest privately-owned logistics group, has announced a series of executive and management appointments after a successful group-wide festive trading period.\" \/>\n<meta property=\"og:url\" content=\"https:\/\/www.palletforce.com\/fr\/ev-cargo-confirms-executive-appointments-and-management-changes\/\" \/>\n<meta property=\"og:site_name\" content=\"Palletforce\" \/>\n<meta property=\"article:published_time\" content=\"2019-01-11T15:47:00+00:00\" \/>\n<meta property=\"article:modified_time\" content=\"2021-10-20T03:20:34+00:00\" \/>\n<meta property=\"og:image\" content=\"https:\/\/www.palletforce.com\/wp-content\/uploads\/2019\/01\/ceo-graphics-03-1024x460.png\" \/>\n\t<meta property=\"og:image:width\" content=\"1024\" \/>\n\t<meta property=\"og:image:height\" content=\"460\" \/>\n\t<meta property=\"og:image:type\" content=\"image\/png\" \/>\n<meta name=\"author\" content=\"fiona\" \/>\n<meta name=\"twitter:card\" content=\"summary_large_image\" \/>\n<meta name=\"twitter:label1\" content=\"\u00c9crit par\" \/>\n\t<meta name=\"twitter:data1\" content=\"fiona\" \/>\n\t<meta name=\"twitter:label2\" content=\"Dur\u00e9e de lecture estim\u00e9e\" \/>\n\t<meta name=\"twitter:data2\" content=\"2 minutes\" \/>\n<script type=\"application\/ld+json\" class=\"yoast-schema-graph\">{\"@context\":\"https:\/\/schema.org\",\"@graph\":[{\"@type\":\"WebPage\",\"@id\":\"https:\/\/www.palletforce.com\/en\/ev-cargo-confirms-executive-appointments-and-management-changes\/\",\"url\":\"https:\/\/www.palletforce.com\/en\/ev-cargo-confirms-executive-appointments-and-management-changes\/\",\"name\":\"EV Cargo confirms executive appointments and management changes - Palletforce\",\"isPartOf\":{\"@id\":\"https:\/\/www.palletforce.com\/#website\"},\"primaryImageOfPage\":{\"@id\":\"https:\/\/www.palletforce.com\/en\/ev-cargo-confirms-executive-appointments-and-management-changes\/#primaryimage\"},\"image\":{\"@id\":\"https:\/\/www.palletforce.com\/en\/ev-cargo-confirms-executive-appointments-and-management-changes\/#primaryimage\"},\"thumbnailUrl\":\"https:\/\/www.palletforce.com\/wp-content\/uploads\/2019\/01\/ceo-graphics-03-3000x1902.png\",\"datePublished\":\"2019-01-11T15:47:00+00:00\",\"dateModified\":\"2021-10-20T03:20:34+00:00\",\"author\":{\"@id\":\"https:\/\/www.palletforce.com\/#\/schema\/person\/c2b48b6ee633870b1b82970e22b2569e\"},\"inLanguage\":\"fr-FR\",\"potentialAction\":[{\"@type\":\"ReadAction\",\"target\":[\"https:\/\/www.palletforce.com\/en\/ev-cargo-confirms-executive-appointments-and-management-changes\/\"]}]},{\"@type\":\"ImageObject\",\"inLanguage\":\"fr-FR\",\"@id\":\"https:\/\/www.palletforce.com\/en\/ev-cargo-confirms-executive-appointments-and-management-changes\/#primaryimage\",\"url\":\"https:\/\/www.palletforce.com\/wp-content\/uploads\/2019\/01\/ceo-graphics-03-3000x1902.png\",\"contentUrl\":\"https:\/\/www.palletforce.com\/wp-content\/uploads\/2019\/01\/ceo-graphics-03-3000x1902.png\",\"width\":4232,\"height\":1902},{\"@type\":\"WebSite\",\"@id\":\"https:\/\/www.palletforce.com\/#website\",\"url\":\"https:\/\/www.palletforce.com\/\",\"name\":\"Palletforce\",\"description\":\"\",\"potentialAction\":[{\"@type\":\"SearchAction\",\"target\":{\"@type\":\"EntryPoint\",\"urlTemplate\":\"https:\/\/www.palletforce.com\/?s={search_term_string}\"},\"query-input\":{\"@type\":\"PropertyValueSpecification\",\"valueRequired\":true,\"valueName\":\"search_term_string\"}}],\"inLanguage\":\"fr-FR\"},{\"@type\":\"Person\",\"@id\":\"https:\/\/www.palletforce.com\/#\/schema\/person\/c2b48b6ee633870b1b82970e22b2569e\",\"name\":\"fiona\",\"image\":{\"@type\":\"ImageObject\",\"inLanguage\":\"fr-FR\",\"@id\":\"https:\/\/www.palletforce.com\/#\/schema\/person\/image\/\",\"url\":\"https:\/\/secure.gravatar.com\/avatar\/20b4299450a71829925308c9879bb4c4fc380eed688559bd05320a411d6d0698?s=96&d=mm&r=g\",\"contentUrl\":\"https:\/\/secure.gravatar.com\/avatar\/20b4299450a71829925308c9879bb4c4fc380eed688559bd05320a411d6d0698?s=96&d=mm&r=g\",\"caption\":\"fiona\"}}]}<\/script>\n<!-- \/ Yoast SEO plugin. -->","yoast_head_json":{"title":"EV Cargo confirme des nominations de cadres et des changements au sein de sa direction - Palletforce","robots":{"index":"index","follow":"follow","max-snippet":"max-snippet:-1","max-image-preview":"max-image-preview:large","max-video-preview":"max-video-preview:-1"},"canonical":"https:\/\/www.palletforce.com\/fr\/ev-cargo-confirms-executive-appointments-and-management-changes\/","og_locale":"fr_FR","og_type":"article","og_title":"EV Cargo confirms executive appointments and management changes - Palletforce","og_description":"EV Cargo, the UK\u2019s largest privately-owned logistics group, has announced a series of executive and management appointments after a successful group-wide festive trading period.","og_url":"https:\/\/www.palletforce.com\/fr\/ev-cargo-confirms-executive-appointments-and-management-changes\/","og_site_name":"Palletforce","article_published_time":"2019-01-11T15:47:00+00:00","article_modified_time":"2021-10-20T03:20:34+00:00","og_image":[{"width":1024,"height":460,"url":"https:\/\/www.palletforce.com\/wp-content\/uploads\/2019\/01\/ceo-graphics-03-1024x460.png","type":"image\/png"}],"author":"fiona","twitter_card":"summary_large_image","twitter_misc":{"\u00c9crit par":"fiona","Dur\u00e9e de lecture estim\u00e9e":"2 minutes"},"schema":{"@context":"https:\/\/schema.org","@graph":[{"@type":"WebPage","@id":"https:\/\/www.palletforce.com\/en\/ev-cargo-confirms-executive-appointments-and-management-changes\/","url":"https:\/\/www.palletforce.com\/en\/ev-cargo-confirms-executive-appointments-and-management-changes\/","name":"EV Cargo confirme des nominations de cadres et des changements au sein de sa direction - Palletforce","isPartOf":{"@id":"https:\/\/www.palletforce.com\/#website"},"primaryImageOfPage":{"@id":"https:\/\/www.palletforce.com\/en\/ev-cargo-confirms-executive-appointments-and-management-changes\/#primaryimage"},"image":{"@id":"https:\/\/www.palletforce.com\/en\/ev-cargo-confirms-executive-appointments-and-management-changes\/#primaryimage"},"thumbnailUrl":"https:\/\/www.palletforce.com\/wp-content\/uploads\/2019\/01\/ceo-graphics-03-3000x1902.png","datePublished":"2019-01-11T15:47:00+00:00","dateModified":"2021-10-20T03:20:34+00:00","author":{"@id":"https:\/\/www.palletforce.com\/#\/schema\/person\/c2b48b6ee633870b1b82970e22b2569e"},"inLanguage":"fr-FR","potentialAction":[{"@type":"ReadAction","target":["https:\/\/www.palletforce.com\/en\/ev-cargo-confirms-executive-appointments-and-management-changes\/"]}]},{"@type":"ImageObject","inLanguage":"fr-FR","@id":"https:\/\/www.palletforce.com\/en\/ev-cargo-confirms-executive-appointments-and-management-changes\/#primaryimage","url":"https:\/\/www.palletforce.com\/wp-content\/uploads\/2019\/01\/ceo-graphics-03-3000x1902.png","contentUrl":"https:\/\/www.palletforce.com\/wp-content\/uploads\/2019\/01\/ceo-graphics-03-3000x1902.png","width":4232,"height":1902},{"@type":"WebSite","@id":"https:\/\/www.palletforce.com\/#website","url":"https:\/\/www.palletforce.com\/","name":"Force de palette","description":"","potentialAction":[{"@type":"SearchAction","target":{"@type":"EntryPoint","urlTemplate":"https:\/\/www.palletforce.com\/?s={search_term_string}"},"query-input":{"@type":"PropertyValueSpecification","valueRequired":true,"valueName":"search_term_string"}}],"inLanguage":"fr-FR"},{"@type":"Person","@id":"https:\/\/www.palletforce.com\/#\/schema\/person\/c2b48b6ee633870b1b82970e22b2569e","name":"Fiona","image":{"@type":"ImageObject","inLanguage":"fr-FR","@id":"https:\/\/www.palletforce.com\/#\/schema\/person\/image\/","url":"https:\/\/secure.gravatar.com\/avatar\/20b4299450a71829925308c9879bb4c4fc380eed688559bd05320a411d6d0698?s=96&d=mm&r=g","contentUrl":"https:\/\/secure.gravatar.com\/avatar\/20b4299450a71829925308c9879bb4c4fc380eed688559bd05320a411d6d0698?s=96&d=mm&r=g","caption":"fiona"}}]}},"_links":{"self":[{"href":"https:\/\/www.palletforce.com\/fr\/wp-json\/wp\/v2\/posts\/102324","targetHints":{"allow":["GET"]}}],"collection":[{"href":"https:\/\/www.palletforce.com\/fr\/wp-json\/wp\/v2\/posts"}],"about":[{"href":"https:\/\/www.palletforce.com\/fr\/wp-json\/wp\/v2\/types\/post"}],"author":[{"embeddable":true,"href":"https:\/\/www.palletforce.com\/fr\/wp-json\/wp\/v2\/users\/21"}],"replies":[{"embeddable":true,"href":"https:\/\/www.palletforce.com\/fr\/wp-json\/wp\/v2\/comments?post=102324"}],"version-history":[{"count":1,"href":"https:\/\/www.palletforce.com\/fr\/wp-json\/wp\/v2\/posts\/102324\/revisions"}],"predecessor-version":[{"id":102326,"href":"https:\/\/www.palletforce.com\/fr\/wp-json\/wp\/v2\/posts\/102324\/revisions\/102326"}],"wp:featuredmedia":[{"embeddable":true,"href":"https:\/\/www.palletforce.com\/fr\/wp-json\/wp\/v2\/media\/102329"}],"wp:attachment":[{"href":"https:\/\/www.palletforce.com\/fr\/wp-json\/wp\/v2\/media?parent=102324"}],"wp:term":[{"taxonomy":"category","embeddable":true,"href":"https:\/\/www.palletforce.com\/fr\/wp-json\/wp\/v2\/categories?post=102324"},{"taxonomy":"post_tag","embeddable":true,"href":"https:\/\/www.palletforce.com\/fr\/wp-json\/wp\/v2\/tags?post=102324"},{"taxonomy":"postlocation","embeddable":true,"href":"https:\/\/www.palletforce.com\/fr\/wp-json\/wp\/v2\/postlocation?post=102324"},{"taxonomy":"posttype","embeddable":true,"href":"https:\/\/www.palletforce.com\/fr\/wp-json\/wp\/v2\/posttype?post=102324"},{"taxonomy":"postservice","embeddable":true,"href":"https:\/\/www.palletforce.com\/fr\/wp-json\/wp\/v2\/postservice?post=102324"}],"curies":[{"name":"wp","href":"https:\/\/api.w.org\/{rel}","templated":true}]}}