{"id":102547,"date":"2019-06-18T13:04:02","date_gmt":"2019-06-18T12:04:02","guid":{"rendered":"https:\/\/www.palletforce.com\/?p=102547"},"modified":"2021-10-22T13:04:22","modified_gmt":"2021-10-22T12:04:22","slug":"pace-in-sardinia-but-a-frustrating-end-for-meeke","status":"publish","type":"post","link":"https:\/\/www.palletforce.com\/fr\/pace-in-sardinia-but-a-frustrating-end-for-meeke\/","title":{"rendered":"Rythme en Sardaigne mais fin frustrante pour Meeke"},"content":{"rendered":"<p>Kris Meeke, pilote de rallye mondial soutenu par KDM Hire, a subi un autre r\u00e9sultat frustrant lors de la huiti\u00e8me manche du Championnat du monde des rallyes de la FIA, malgr\u00e9 l&#039;acc\u00e9l\u00e9ration de son rythme pour se battre pour un podium lors d&#039;une \u00e9preuve pour laquelle il a peu d&#039;exp\u00e9rience.<\/p>\n\n\n\n<p>Meeke a termin\u00e9 huiti\u00e8me au volant de sa Toyota Gazoo Racing World Rally Team Yaris WRC apr\u00e8s qu&#039;une jante de roue cass\u00e9e l&#039;ait forc\u00e9 \u00e0 changer de pneu \u00e0 mi-\u00e9tape samedi alors qu&#039;il s&#039;agissait d&#039;une chaude bataille \u00e0 trois.<\/p>\n\n\n\n<p>Le Rallye d&#039;Italie, organis\u00e9 sur l&#039;\u00eele m\u00e9diterran\u00e9enne de la Sardaigne, offre certaines des conditions les plus difficiles de l&#039;ann\u00e9e. Ses pistes \u00e9troites sont bord\u00e9es d&#039;\u00e9normes rochers et les surfaces vont du sable profond au substrat rocheux dur - tout cela avec les temp\u00e9ratures estivales \u00e9touffantes typiques en fait l&#039;un des \u00e9v\u00e9nements de championnat les plus exigeants.<\/p>\n\n\n\n<p>Cependant, d\u00e8s le d\u00e9part, Meeke \u00e9tait nettement d\u00e9savantag\u00e9 n&#039;ayant pas concouru en 2016 et 2018. La journ\u00e9e d&#039;ouverture du vendredi a \u00e9t\u00e9 consacr\u00e9e \u00e0 se familiariser avec les \u00e9tapes et \u00e0 \u00e9tablir un ensemble de temps am\u00e9lior\u00e9s lors du deuxi\u00e8me passage de l&#039;apr\u00e8s-midi. Il a quand m\u00eame r\u00e9ussi \u00e0 conserver la cinqui\u00e8me place du jour au lendemain apr\u00e8s avoir fait plus de progr\u00e8s dans les r\u00e9glages de la voiture et utilis\u00e9 des pneus mixtes pour la premi\u00e8re fois avec la Yaris.<\/p>\n\n\n\n<p>Samedi matin, une approche similaire a vu le pilote Dungannon perdre du terrain au cours des \u00e9tapes du matin mais s&#039;est engag\u00e9 dans une lutte \u00e0 trois pour la quatri\u00e8me position. L&#039;apr\u00e8s-midi \u00e9tait serr\u00e9 et Meeke commen\u00e7ait \u00e0 r\u00e9cup\u00e9rer du temps et ressemblait \u00e0 un d\u00e9fi pour le podium.<\/p>\n\n\n\n<p>Cependant, un impact avec un rocher lors de la derni\u00e8re \u00e9tape de la journ\u00e9e a oblig\u00e9 Meeke \u00e0 s&#039;arr\u00eater au milieu de l&#039;\u00e9tape, \u00e0 changer le pneu et \u00e0 boiter jusqu&#039;\u00e0 la fin - perdant plus de deux minutes dans le processus et revenant \u00e0 la huiti\u00e8me place.<\/p>\n\n\n\n<p>Il a parcouru les quatre derni\u00e8res \u00e9tapes dimanche et, malgr\u00e9 une autre solide performance sur des \u00e9tapes inconnues, ce n&#039;\u00e9tait pas le podium qu&#039;il recherchait.<\/p>\n\n\n\n<p>Avec une pause estivale de cinq semaines, la course du championnat se dirigera vers la Finlande et l&#039;embl\u00e9matique Neste Rally Finland du 2 au 4 ao\u00fbt - une \u00e9preuve que Meeke a d\u00e9j\u00e0 remport\u00e9e et qu&#039;il visera \u00e0 nouveau.<\/p>\n\n\n\n<p>Kris Meeke a d\u00e9clar\u00e9 : \u00ab J&#039;avais qualifi\u00e9 ce rallye de l&#039;un des plus difficiles de ce d\u00e9but de saison. Compar\u00e9 aux autres pilotes, j&#039;ai tr\u00e8s peu d&#039;exp\u00e9rience de ces \u00e9tapes et \u00e7a allait toujours \u00eatre difficile de les \u00e9galer.<\/p>\n\n\n\n<p>&quot;Cependant, nous avons trouv\u00e9 un bon rythme, surtout l&#039;apr\u00e8s-midi et j&#039;appr\u00e9ciais vraiment le rallye car nous \u00e9tions dans une bonne bataille et progressions. Malheureusement, une roue cass\u00e9e a pay\u00e9 cela et cela signifiait que nous n&#039;avions pas d&#039;autre choix que de parcourir les \u00e9tapes de la derni\u00e8re journ\u00e9e et de collecter les points d&#039;\u00e9quipe.<\/p>\n\n\n\n<p>&quot;Nous devons juste nous r\u00e9jouir de la Finlande et de la seconde moiti\u00e9 de la saison dans son ensemble. La Yaris WRC a \u00e9t\u00e9 tr\u00e8s forte sur ces \u00e9preuves la saison derni\u00e8re et toute l&#039;\u00e9quipe fera encore la m\u00eame chose. \u00bb<\/p>","protected":false},"excerpt":{"rendered":"<p>Kris Meeke, pilote de rallye mondial soutenu par KDM Hire, a subi un autre r\u00e9sultat frustrant lors de la huiti\u00e8me manche du Championnat du monde des rallyes de la FIA, malgr\u00e9 l&#039;acc\u00e9l\u00e9ration de son rythme pour se battre pour un podium lors d&#039;une \u00e9preuve pour laquelle il a peu d&#039;exp\u00e9rience.<\/p>","protected":false},"author":18,"featured_media":102548,"comment_status":"open","ping_status":"open","sticky":false,"template":"","format":"standard","meta":{"_acf_changed":false,"inline_featured_image":false,"footnotes":""},"categories":[29,57,28,97],"tags":[222,109],"postlocation":[],"posttype":[],"postservice":[],"class_list":["post-102547","post","type-post","status-publish","format-standard","has-post-thumbnail","hentry","category-general","category-generallatest-news","category-latest-news","category-sponsorship","tag-kris-meeke","tag-sponsorship"],"acf":[],"yoast_head":"<!-- This site is optimized with the Yoast SEO plugin v26.6 - https:\/\/yoast.com\/wordpress\/plugins\/seo\/ -->\n<title>Pace in Sardinia but a frustrating end for Meeke - Palletforce<\/title>\n<meta name=\"robots\" content=\"index, follow, max-snippet:-1, max-image-preview:large, max-video-preview:-1\" \/>\n<link rel=\"canonical\" href=\"https:\/\/www.palletforce.com\/fr\/pace-in-sardinia-but-a-frustrating-end-for-meeke\/\" \/>\n<meta property=\"og:locale\" content=\"fr_FR\" \/>\n<meta property=\"og:type\" content=\"article\" \/>\n<meta property=\"og:title\" content=\"Pace in Sardinia but a frustrating end for Meeke - Palletforce\" \/>\n<meta property=\"og:description\" content=\"KDM Hire-backed world rally driver Kris Meeke suffered another frustrating result on round eight of the FIA World Rally Championship despite building up his pace to challenge for a podium on an event he has little experience off.\" \/>\n<meta property=\"og:url\" content=\"https:\/\/www.palletforce.com\/fr\/pace-in-sardinia-but-a-frustrating-end-for-meeke\/\" \/>\n<meta property=\"og:site_name\" content=\"Palletforce\" \/>\n<meta property=\"article:published_time\" content=\"2019-06-18T12:04:02+00:00\" \/>\n<meta property=\"article:modified_time\" content=\"2021-10-22T12:04:22+00:00\" \/>\n<meta property=\"og:image\" content=\"https:\/\/www.palletforce.com\/wp-content\/uploads\/2021\/10\/wrc_2019_rd8_080.jpg\" \/>\n\t<meta property=\"og:image:width\" content=\"1500\" \/>\n\t<meta property=\"og:image:height\" content=\"1000\" \/>\n\t<meta property=\"og:image:type\" content=\"image\/jpeg\" \/>\n<meta name=\"author\" content=\"shona\" \/>\n<meta name=\"twitter:card\" content=\"summary_large_image\" \/>\n<meta name=\"twitter:label1\" content=\"\u00c9crit par\" \/>\n\t<meta name=\"twitter:data1\" content=\"shona\" \/>\n\t<meta name=\"twitter:label2\" content=\"Dur\u00e9e de lecture estim\u00e9e\" \/>\n\t<meta name=\"twitter:data2\" content=\"3 minutes\" \/>\n<script type=\"application\/ld+json\" class=\"yoast-schema-graph\">{\"@context\":\"https:\/\/schema.org\",\"@graph\":[{\"@type\":\"WebPage\",\"@id\":\"https:\/\/www.palletforce.com\/en\/pace-in-sardinia-but-a-frustrating-end-for-meeke\/\",\"url\":\"https:\/\/www.palletforce.com\/en\/pace-in-sardinia-but-a-frustrating-end-for-meeke\/\",\"name\":\"Pace in Sardinia but a frustrating end for Meeke - Palletforce\",\"isPartOf\":{\"@id\":\"https:\/\/www.palletforce.com\/#website\"},\"primaryImageOfPage\":{\"@id\":\"https:\/\/www.palletforce.com\/en\/pace-in-sardinia-but-a-frustrating-end-for-meeke\/#primaryimage\"},\"image\":{\"@id\":\"https:\/\/www.palletforce.com\/en\/pace-in-sardinia-but-a-frustrating-end-for-meeke\/#primaryimage\"},\"thumbnailUrl\":\"https:\/\/www.palletforce.com\/wp-content\/uploads\/2021\/10\/wrc_2019_rd8_080.jpg\",\"datePublished\":\"2019-06-18T12:04:02+00:00\",\"dateModified\":\"2021-10-22T12:04:22+00:00\",\"author\":{\"@id\":\"https:\/\/www.palletforce.com\/#\/schema\/person\/cda523345ba606e8aa2c3b33c1a282af\"},\"inLanguage\":\"fr-FR\",\"potentialAction\":[{\"@type\":\"ReadAction\",\"target\":[\"https:\/\/www.palletforce.com\/en\/pace-in-sardinia-but-a-frustrating-end-for-meeke\/\"]}]},{\"@type\":\"ImageObject\",\"inLanguage\":\"fr-FR\",\"@id\":\"https:\/\/www.palletforce.com\/en\/pace-in-sardinia-but-a-frustrating-end-for-meeke\/#primaryimage\",\"url\":\"https:\/\/www.palletforce.com\/wp-content\/uploads\/2021\/10\/wrc_2019_rd8_080.jpg\",\"contentUrl\":\"https:\/\/www.palletforce.com\/wp-content\/uploads\/2021\/10\/wrc_2019_rd8_080.jpg\",\"width\":1500,\"height\":1000,\"caption\":\"FIA World Rally Championship 2019 \/ Round 08 \/ Rally d\u2019Italia Sardegna \/ 13-16 June, 2019 \/\/ Worldwide Copyright: Toyota Gazoo Racing WRC\"},{\"@type\":\"WebSite\",\"@id\":\"https:\/\/www.palletforce.com\/#website\",\"url\":\"https:\/\/www.palletforce.com\/\",\"name\":\"Palletforce\",\"description\":\"\",\"potentialAction\":[{\"@type\":\"SearchAction\",\"target\":{\"@type\":\"EntryPoint\",\"urlTemplate\":\"https:\/\/www.palletforce.com\/?s={search_term_string}\"},\"query-input\":{\"@type\":\"PropertyValueSpecification\",\"valueRequired\":true,\"valueName\":\"search_term_string\"}}],\"inLanguage\":\"fr-FR\"},{\"@type\":\"Person\",\"@id\":\"https:\/\/www.palletforce.com\/#\/schema\/person\/cda523345ba606e8aa2c3b33c1a282af\",\"name\":\"shona\",\"image\":{\"@type\":\"ImageObject\",\"inLanguage\":\"fr-FR\",\"@id\":\"https:\/\/www.palletforce.com\/#\/schema\/person\/image\/\",\"url\":\"https:\/\/secure.gravatar.com\/avatar\/756f72c890440fd1d188efdb640aa38ff9bae54afcbfde9221b357c60dfcc39f?s=96&d=mm&r=g\",\"contentUrl\":\"https:\/\/secure.gravatar.com\/avatar\/756f72c890440fd1d188efdb640aa38ff9bae54afcbfde9221b357c60dfcc39f?s=96&d=mm&r=g\",\"caption\":\"shona\"}}]}<\/script>\n<!-- \/ Yoast SEO plugin. -->","yoast_head_json":{"title":"Pace in Sardinia but a frustrating end for Meeke - Palletforce","robots":{"index":"index","follow":"follow","max-snippet":"max-snippet:-1","max-image-preview":"max-image-preview:large","max-video-preview":"max-video-preview:-1"},"canonical":"https:\/\/www.palletforce.com\/fr\/pace-in-sardinia-but-a-frustrating-end-for-meeke\/","og_locale":"fr_FR","og_type":"article","og_title":"Pace in Sardinia but a frustrating end for Meeke - Palletforce","og_description":"KDM Hire-backed world rally driver Kris Meeke suffered another frustrating result on round eight of the FIA World Rally Championship despite building up his pace to challenge for a podium on an event he has little experience off.","og_url":"https:\/\/www.palletforce.com\/fr\/pace-in-sardinia-but-a-frustrating-end-for-meeke\/","og_site_name":"Palletforce","article_published_time":"2019-06-18T12:04:02+00:00","article_modified_time":"2021-10-22T12:04:22+00:00","og_image":[{"width":1500,"height":1000,"url":"https:\/\/www.palletforce.com\/wp-content\/uploads\/2021\/10\/wrc_2019_rd8_080.jpg","type":"image\/jpeg"}],"author":"shona","twitter_card":"summary_large_image","twitter_misc":{"\u00c9crit par":"shona","Dur\u00e9e de lecture estim\u00e9e":"3 minutes"},"schema":{"@context":"https:\/\/schema.org","@graph":[{"@type":"WebPage","@id":"https:\/\/www.palletforce.com\/en\/pace-in-sardinia-but-a-frustrating-end-for-meeke\/","url":"https:\/\/www.palletforce.com\/en\/pace-in-sardinia-but-a-frustrating-end-for-meeke\/","name":"Pace in Sardinia but a frustrating end for Meeke - Palletforce","isPartOf":{"@id":"https:\/\/www.palletforce.com\/#website"},"primaryImageOfPage":{"@id":"https:\/\/www.palletforce.com\/en\/pace-in-sardinia-but-a-frustrating-end-for-meeke\/#primaryimage"},"image":{"@id":"https:\/\/www.palletforce.com\/en\/pace-in-sardinia-but-a-frustrating-end-for-meeke\/#primaryimage"},"thumbnailUrl":"https:\/\/www.palletforce.com\/wp-content\/uploads\/2021\/10\/wrc_2019_rd8_080.jpg","datePublished":"2019-06-18T12:04:02+00:00","dateModified":"2021-10-22T12:04:22+00:00","author":{"@id":"https:\/\/www.palletforce.com\/#\/schema\/person\/cda523345ba606e8aa2c3b33c1a282af"},"inLanguage":"fr-FR","potentialAction":[{"@type":"ReadAction","target":["https:\/\/www.palletforce.com\/en\/pace-in-sardinia-but-a-frustrating-end-for-meeke\/"]}]},{"@type":"ImageObject","inLanguage":"fr-FR","@id":"https:\/\/www.palletforce.com\/en\/pace-in-sardinia-but-a-frustrating-end-for-meeke\/#primaryimage","url":"https:\/\/www.palletforce.com\/wp-content\/uploads\/2021\/10\/wrc_2019_rd8_080.jpg","contentUrl":"https:\/\/www.palletforce.com\/wp-content\/uploads\/2021\/10\/wrc_2019_rd8_080.jpg","width":1500,"height":1000,"caption":"FIA World Rally Championship 2019 \/ Round 08 \/ Rally d\u2019Italia Sardegna \/ 13-16 June, 2019 \/\/ Worldwide Copyright: Toyota Gazoo Racing WRC"},{"@type":"WebSite","@id":"https:\/\/www.palletforce.com\/#website","url":"https:\/\/www.palletforce.com\/","name":"Force de palette","description":"","potentialAction":[{"@type":"SearchAction","target":{"@type":"EntryPoint","urlTemplate":"https:\/\/www.palletforce.com\/?s={search_term_string}"},"query-input":{"@type":"PropertyValueSpecification","valueRequired":true,"valueName":"search_term_string"}}],"inLanguage":"fr-FR"},{"@type":"Person","@id":"https:\/\/www.palletforce.com\/#\/schema\/person\/cda523345ba606e8aa2c3b33c1a282af","name":"Shona","image":{"@type":"ImageObject","inLanguage":"fr-FR","@id":"https:\/\/www.palletforce.com\/#\/schema\/person\/image\/","url":"https:\/\/secure.gravatar.com\/avatar\/756f72c890440fd1d188efdb640aa38ff9bae54afcbfde9221b357c60dfcc39f?s=96&d=mm&r=g","contentUrl":"https:\/\/secure.gravatar.com\/avatar\/756f72c890440fd1d188efdb640aa38ff9bae54afcbfde9221b357c60dfcc39f?s=96&d=mm&r=g","caption":"shona"}}]}},"_links":{"self":[{"href":"https:\/\/www.palletforce.com\/fr\/wp-json\/wp\/v2\/posts\/102547","targetHints":{"allow":["GET"]}}],"collection":[{"href":"https:\/\/www.palletforce.com\/fr\/wp-json\/wp\/v2\/posts"}],"about":[{"href":"https:\/\/www.palletforce.com\/fr\/wp-json\/wp\/v2\/types\/post"}],"author":[{"embeddable":true,"href":"https:\/\/www.palletforce.com\/fr\/wp-json\/wp\/v2\/users\/18"}],"replies":[{"embeddable":true,"href":"https:\/\/www.palletforce.com\/fr\/wp-json\/wp\/v2\/comments?post=102547"}],"version-history":[{"count":1,"href":"https:\/\/www.palletforce.com\/fr\/wp-json\/wp\/v2\/posts\/102547\/revisions"}],"predecessor-version":[{"id":102549,"href":"https:\/\/www.palletforce.com\/fr\/wp-json\/wp\/v2\/posts\/102547\/revisions\/102549"}],"wp:featuredmedia":[{"embeddable":true,"href":"https:\/\/www.palletforce.com\/fr\/wp-json\/wp\/v2\/media\/102548"}],"wp:attachment":[{"href":"https:\/\/www.palletforce.com\/fr\/wp-json\/wp\/v2\/media?parent=102547"}],"wp:term":[{"taxonomy":"category","embeddable":true,"href":"https:\/\/www.palletforce.com\/fr\/wp-json\/wp\/v2\/categories?post=102547"},{"taxonomy":"post_tag","embeddable":true,"href":"https:\/\/www.palletforce.com\/fr\/wp-json\/wp\/v2\/tags?post=102547"},{"taxonomy":"postlocation","embeddable":true,"href":"https:\/\/www.palletforce.com\/fr\/wp-json\/wp\/v2\/postlocation?post=102547"},{"taxonomy":"posttype","embeddable":true,"href":"https:\/\/www.palletforce.com\/fr\/wp-json\/wp\/v2\/posttype?post=102547"},{"taxonomy":"postservice","embeddable":true,"href":"https:\/\/www.palletforce.com\/fr\/wp-json\/wp\/v2\/postservice?post=102547"}],"curies":[{"name":"wp","href":"https:\/\/api.w.org\/{rel}","templated":true}]}}