{"id":102556,"date":"2019-06-03T13:10:48","date_gmt":"2019-06-03T12:10:48","guid":{"rendered":"https:\/\/www.palletforce.com\/?p=102556"},"modified":"2021-10-22T13:11:09","modified_gmt":"2021-10-22T12:11:09","slug":"seasons-best-performance-ends-in-retirement-for-meeke","status":"publish","type":"post","link":"https:\/\/www.palletforce.com\/fr\/seasons-best-performance-ends-in-retirement-for-meeke\/","title":{"rendered":"La meilleure performance de la saison se termine par la retraite de Meeke"},"content":{"rendered":"<p>Bien qu&#039;il ait de nouveau d\u00e9montr\u00e9 un rythme de victoire en rallye et qu&#039;il soit arriv\u00e9 \u00e0 quelques secondes de la t\u00eate le dernier jour, l&#039;ambassadeur mondial de la marque Palletforce, Kris Meeke, a enregistr\u00e9 son premier abandon de la saison apr\u00e8s un drame de derni\u00e8re minute au Rallye du Portugal.<\/p>\n\n\n\n<p>Meeke avait fait preuve d&#039;un niveau de r\u00e9gularit\u00e9 impressionnant au cours du week-end difficile, mais a succomb\u00e9 \u00e0 une direction cass\u00e9e \u00e0 seulement 500 m de la derni\u00e8re \u00e9tape du Rallye du Portugal apr\u00e8s avoir heurt\u00e9 une souche d&#039;arbre cach\u00e9e dans le bas-c\u00f4t\u00e9.<\/p>\n\n\n\n<p>Le Rallye du Portugal a \u00e9t\u00e9 une affaire difficile et chaude avec trois jours d&#039;action sur terre par des temp\u00e9ratures \u00e9lev\u00e9es sur les routes accident\u00e9es autour de la ville h\u00f4te de Porto.<\/p>\n\n\n\n<p>Meeke et son copilote Seb Marshall ont bien d\u00e9marr\u00e9 les nouvelles \u00e9tapes de vendredi vers le sud. Malgr\u00e9 un interphone cass\u00e9 lors de la deuxi\u00e8me \u00e9tape, o\u00f9 Meeke n&#039;a pu recevoir aucune des notes cruciales, il a \u00e9tabli un certain nombre de meilleurs temps. Sa performance de l&#039;apr\u00e8s-midi lors du deuxi\u00e8me passage des \u00e9tapes poussi\u00e9reuses \u00e9tait encore plus impressionnante et il a termin\u00e9 la premi\u00e8re journ\u00e9e \u00e0 la troisi\u00e8me place - compl\u00e9tant une Toyota 1-2-3.<\/p>\n\n\n\n<p>La poussi\u00e8re et la chaleur ont continu\u00e9 \u00e0 dominer la deuxi\u00e8me journ\u00e9e et l&#039;approche solide et constante de Meeke lui a valu le droit d&#039;\u00eatre le pilote le plus performant de la journ\u00e9e, avec une s\u00e9rie de trois premiers temps et une victoire d&#039;\u00e9tape pour lancer la journ\u00e9e.<\/p>\n\n\n\n<p>Il a \u00e9t\u00e9 ralenti par un frein \u00e0 main cass\u00e9 sur la plus longue \u00e9tape du rallye pour terminer la deuxi\u00e8me journ\u00e9e, mais \u00e9tait pass\u00e9 \u00e0 la deuxi\u00e8me place et dans une bataille \u00e0 trois pour la t\u00eate.<\/p>\n\n\n\n<p>La derni\u00e8re journ\u00e9e a commenc\u00e9 par une nouvelle victoire d&#039;\u00e9tape, voyant Meeke r\u00e9duire l&#039;\u00e9cart avec l&#039;avant \u00e0 seulement 2,4 secondes. Mais ensuite, les choses se sont d\u00e9t\u00e9rior\u00e9es, avec un t\u00eate-\u00e0-queue dans l&#039;avant-derni\u00e8re \u00e9tape qui l&#039;a ramen\u00e9 \u00e0 la troisi\u00e8me place du g\u00e9n\u00e9ral et une erreur lors de l&#039;essai final cassant la direction de sa Yaris WRC et le for\u00e7ant \u00e0 un abandon instantan\u00e9, \u00e0 quelques minutes de la ligne d&#039;arriv\u00e9e.<\/p>\n\n\n\n<p>Ce fut une fin am\u00e8re pour la meilleure performance de Meeke de la saison. Il avait maintenu des positions sur le podium pendant la majorit\u00e9 de l&#039;\u00e9v\u00e9nement et n&#039;avait constamment \u00e9tabli les meilleurs temps que pour une petite erreur qui a annul\u00e9 tout le bon travail.<\/p>\n\n\n\n<p>Mais les points n\u00e9gatifs seront fermement ancr\u00e9s dans son esprit lorsqu&#039;il s&#039;alignera pour la huiti\u00e8me manche du Rallye de Sardaigne le 18 juin, face \u00e0 des conditions chaudes, difficiles et rocheuses similaires \u00e0 celles du Portugal.<\/p>\n\n\n\n<p>Kris Meeke a d\u00e9clar\u00e9 : \u00ab Le Rallye du Portugal allait toujours \u00eatre difficile, mais pendant la majeure partie de l&#039;\u00e9preuve, nous avons montr\u00e9 une bonne vitesse et avons plut\u00f4t bien g\u00e9r\u00e9 les conditions difficiles. La voiture se sentait bien et j&#039;ai pu progresser avec les pneus durs sur les routes accident\u00e9es, ce avec quoi j&#039;avais du mal auparavant.<\/p>\n\n\n\n<p>\u00ab Le rythme \u00e9tait bon, la confiance \u00e9tait \u00e9lev\u00e9e et nous avons r\u00e9alis\u00e9 de bons temps. Les performances de l&#039;\u00e9quipe ont montr\u00e9 \u00e0 quel point la Yaris WRC est bien adapt\u00e9e \u00e0 ces conditions. J&#039;\u00e9tais d\u00e9go\u00fbt\u00e9 de faire une erreur si pr\u00e8s de la fin du rallye, ce qui a entra\u00een\u00e9 notre premi\u00e8re fin sans points de la saison, mais nous devons juste mettre cela derri\u00e8re nous et aller de l&#039;avant.<\/p>","protected":false},"excerpt":{"rendered":"<p>Bien qu&#039;il ait \u00e0 nouveau d\u00e9montr\u00e9 un rythme de victoire en rallye et qu&#039;il soit arriv\u00e9 \u00e0 quelques secondes de la t\u00eate le dernier jour, l&#039;ambassadeur de la marque mondiale Palletforce, Kris Meeke, a enregistr\u00e9 son premier abandon de la saison apr\u00e8s un drame de derni\u00e8re minute au Rallye du Portugal.<\/p>","protected":false},"author":18,"featured_media":102557,"comment_status":"open","ping_status":"open","sticky":false,"template":"","format":"standard","meta":{"_acf_changed":false,"inline_featured_image":false,"footnotes":""},"categories":[29,57,28,97],"tags":[222],"postlocation":[],"posttype":[],"postservice":[],"class_list":["post-102556","post","type-post","status-publish","format-standard","has-post-thumbnail","hentry","category-general","category-generallatest-news","category-latest-news","category-sponsorship","tag-kris-meeke"],"acf":[],"yoast_head":"<!-- This site is optimized with the Yoast SEO plugin v26.6 - https:\/\/yoast.com\/wordpress\/plugins\/seo\/ -->\n<title>Season\u2019s Best Performance Ends In Retirement For Meeke - Palletforce<\/title>\n<meta name=\"robots\" content=\"index, follow, max-snippet:-1, max-image-preview:large, max-video-preview:-1\" \/>\n<link rel=\"canonical\" href=\"https:\/\/www.palletforce.com\/fr\/seasons-best-performance-ends-in-retirement-for-meeke\/\" \/>\n<meta property=\"og:locale\" content=\"fr_FR\" \/>\n<meta property=\"og:type\" content=\"article\" \/>\n<meta property=\"og:title\" content=\"Season\u2019s Best Performance Ends In Retirement For Meeke - Palletforce\" \/>\n<meta property=\"og:description\" content=\"Despite again demonstrating rally-winning pace and coming within a few seconds of the lead on the final day, Palletforce global brand ambassador Kris Meeke recorded his first retirement of the season after last-minute drama on Rally Portugal.\" \/>\n<meta property=\"og:url\" content=\"https:\/\/www.palletforce.com\/fr\/seasons-best-performance-ends-in-retirement-for-meeke\/\" \/>\n<meta property=\"og:site_name\" content=\"Palletforce\" \/>\n<meta property=\"article:published_time\" content=\"2019-06-03T12:10:48+00:00\" \/>\n<meta property=\"article:modified_time\" content=\"2021-10-22T12:11:09+00:00\" \/>\n<meta property=\"og:image\" content=\"https:\/\/www.palletforce.com\/wp-content\/uploads\/2021\/10\/wrc_2019_rd7_175.jpg\" \/>\n\t<meta property=\"og:image:width\" content=\"1500\" \/>\n\t<meta property=\"og:image:height\" content=\"1000\" \/>\n\t<meta property=\"og:image:type\" content=\"image\/jpeg\" \/>\n<meta name=\"author\" content=\"shona\" \/>\n<meta name=\"twitter:card\" content=\"summary_large_image\" \/>\n<meta name=\"twitter:label1\" content=\"\u00c9crit par\" \/>\n\t<meta name=\"twitter:data1\" content=\"shona\" \/>\n\t<meta name=\"twitter:label2\" content=\"Dur\u00e9e de lecture estim\u00e9e\" \/>\n\t<meta name=\"twitter:data2\" content=\"3 minutes\" \/>\n<script type=\"application\/ld+json\" class=\"yoast-schema-graph\">{\"@context\":\"https:\/\/schema.org\",\"@graph\":[{\"@type\":\"WebPage\",\"@id\":\"https:\/\/www.palletforce.com\/en\/seasons-best-performance-ends-in-retirement-for-meeke\/\",\"url\":\"https:\/\/www.palletforce.com\/en\/seasons-best-performance-ends-in-retirement-for-meeke\/\",\"name\":\"Season\u2019s Best Performance Ends In Retirement For Meeke - Palletforce\",\"isPartOf\":{\"@id\":\"https:\/\/www.palletforce.com\/#website\"},\"primaryImageOfPage\":{\"@id\":\"https:\/\/www.palletforce.com\/en\/seasons-best-performance-ends-in-retirement-for-meeke\/#primaryimage\"},\"image\":{\"@id\":\"https:\/\/www.palletforce.com\/en\/seasons-best-performance-ends-in-retirement-for-meeke\/#primaryimage\"},\"thumbnailUrl\":\"https:\/\/www.palletforce.com\/wp-content\/uploads\/2021\/10\/wrc_2019_rd7_175.jpg\",\"datePublished\":\"2019-06-03T12:10:48+00:00\",\"dateModified\":\"2021-10-22T12:11:09+00:00\",\"author\":{\"@id\":\"https:\/\/www.palletforce.com\/#\/schema\/person\/cda523345ba606e8aa2c3b33c1a282af\"},\"inLanguage\":\"fr-FR\",\"potentialAction\":[{\"@type\":\"ReadAction\",\"target\":[\"https:\/\/www.palletforce.com\/en\/seasons-best-performance-ends-in-retirement-for-meeke\/\"]}]},{\"@type\":\"ImageObject\",\"inLanguage\":\"fr-FR\",\"@id\":\"https:\/\/www.palletforce.com\/en\/seasons-best-performance-ends-in-retirement-for-meeke\/#primaryimage\",\"url\":\"https:\/\/www.palletforce.com\/wp-content\/uploads\/2021\/10\/wrc_2019_rd7_175.jpg\",\"contentUrl\":\"https:\/\/www.palletforce.com\/wp-content\/uploads\/2021\/10\/wrc_2019_rd7_175.jpg\",\"width\":1500,\"height\":1000,\"caption\":\"FIA World Rally Championship 2019 \/ Round 07 \/ Rally Portugal \/ 30th May - 2nd June, 2019 \/\/ Worldwide Copyright: Toyota Gazoo Racing WRC\"},{\"@type\":\"WebSite\",\"@id\":\"https:\/\/www.palletforce.com\/#website\",\"url\":\"https:\/\/www.palletforce.com\/\",\"name\":\"Palletforce\",\"description\":\"\",\"potentialAction\":[{\"@type\":\"SearchAction\",\"target\":{\"@type\":\"EntryPoint\",\"urlTemplate\":\"https:\/\/www.palletforce.com\/?s={search_term_string}\"},\"query-input\":{\"@type\":\"PropertyValueSpecification\",\"valueRequired\":true,\"valueName\":\"search_term_string\"}}],\"inLanguage\":\"fr-FR\"},{\"@type\":\"Person\",\"@id\":\"https:\/\/www.palletforce.com\/#\/schema\/person\/cda523345ba606e8aa2c3b33c1a282af\",\"name\":\"shona\",\"image\":{\"@type\":\"ImageObject\",\"inLanguage\":\"fr-FR\",\"@id\":\"https:\/\/www.palletforce.com\/#\/schema\/person\/image\/\",\"url\":\"https:\/\/secure.gravatar.com\/avatar\/756f72c890440fd1d188efdb640aa38ff9bae54afcbfde9221b357c60dfcc39f?s=96&d=mm&r=g\",\"contentUrl\":\"https:\/\/secure.gravatar.com\/avatar\/756f72c890440fd1d188efdb640aa38ff9bae54afcbfde9221b357c60dfcc39f?s=96&d=mm&r=g\",\"caption\":\"shona\"}}]}<\/script>\n<!-- \/ Yoast SEO plugin. -->","yoast_head_json":{"title":"Season\u2019s Best Performance Ends In Retirement For Meeke - Palletforce","robots":{"index":"index","follow":"follow","max-snippet":"max-snippet:-1","max-image-preview":"max-image-preview:large","max-video-preview":"max-video-preview:-1"},"canonical":"https:\/\/www.palletforce.com\/fr\/seasons-best-performance-ends-in-retirement-for-meeke\/","og_locale":"fr_FR","og_type":"article","og_title":"Season\u2019s Best Performance Ends In Retirement For Meeke - Palletforce","og_description":"Despite again demonstrating rally-winning pace and coming within a few seconds of the lead on the final day, Palletforce global brand ambassador Kris Meeke recorded his first retirement of the season after last-minute drama on Rally Portugal.","og_url":"https:\/\/www.palletforce.com\/fr\/seasons-best-performance-ends-in-retirement-for-meeke\/","og_site_name":"Palletforce","article_published_time":"2019-06-03T12:10:48+00:00","article_modified_time":"2021-10-22T12:11:09+00:00","og_image":[{"width":1500,"height":1000,"url":"https:\/\/www.palletforce.com\/wp-content\/uploads\/2021\/10\/wrc_2019_rd7_175.jpg","type":"image\/jpeg"}],"author":"shona","twitter_card":"summary_large_image","twitter_misc":{"\u00c9crit par":"shona","Dur\u00e9e de lecture estim\u00e9e":"3 minutes"},"schema":{"@context":"https:\/\/schema.org","@graph":[{"@type":"WebPage","@id":"https:\/\/www.palletforce.com\/en\/seasons-best-performance-ends-in-retirement-for-meeke\/","url":"https:\/\/www.palletforce.com\/en\/seasons-best-performance-ends-in-retirement-for-meeke\/","name":"Season\u2019s Best Performance Ends In Retirement For Meeke - Palletforce","isPartOf":{"@id":"https:\/\/www.palletforce.com\/#website"},"primaryImageOfPage":{"@id":"https:\/\/www.palletforce.com\/en\/seasons-best-performance-ends-in-retirement-for-meeke\/#primaryimage"},"image":{"@id":"https:\/\/www.palletforce.com\/en\/seasons-best-performance-ends-in-retirement-for-meeke\/#primaryimage"},"thumbnailUrl":"https:\/\/www.palletforce.com\/wp-content\/uploads\/2021\/10\/wrc_2019_rd7_175.jpg","datePublished":"2019-06-03T12:10:48+00:00","dateModified":"2021-10-22T12:11:09+00:00","author":{"@id":"https:\/\/www.palletforce.com\/#\/schema\/person\/cda523345ba606e8aa2c3b33c1a282af"},"inLanguage":"fr-FR","potentialAction":[{"@type":"ReadAction","target":["https:\/\/www.palletforce.com\/en\/seasons-best-performance-ends-in-retirement-for-meeke\/"]}]},{"@type":"ImageObject","inLanguage":"fr-FR","@id":"https:\/\/www.palletforce.com\/en\/seasons-best-performance-ends-in-retirement-for-meeke\/#primaryimage","url":"https:\/\/www.palletforce.com\/wp-content\/uploads\/2021\/10\/wrc_2019_rd7_175.jpg","contentUrl":"https:\/\/www.palletforce.com\/wp-content\/uploads\/2021\/10\/wrc_2019_rd7_175.jpg","width":1500,"height":1000,"caption":"FIA World Rally Championship 2019 \/ Round 07 \/ Rally Portugal \/ 30th May - 2nd June, 2019 \/\/ Worldwide Copyright: Toyota Gazoo Racing WRC"},{"@type":"WebSite","@id":"https:\/\/www.palletforce.com\/#website","url":"https:\/\/www.palletforce.com\/","name":"Force de palette","description":"","potentialAction":[{"@type":"SearchAction","target":{"@type":"EntryPoint","urlTemplate":"https:\/\/www.palletforce.com\/?s={search_term_string}"},"query-input":{"@type":"PropertyValueSpecification","valueRequired":true,"valueName":"search_term_string"}}],"inLanguage":"fr-FR"},{"@type":"Person","@id":"https:\/\/www.palletforce.com\/#\/schema\/person\/cda523345ba606e8aa2c3b33c1a282af","name":"Shona","image":{"@type":"ImageObject","inLanguage":"fr-FR","@id":"https:\/\/www.palletforce.com\/#\/schema\/person\/image\/","url":"https:\/\/secure.gravatar.com\/avatar\/756f72c890440fd1d188efdb640aa38ff9bae54afcbfde9221b357c60dfcc39f?s=96&d=mm&r=g","contentUrl":"https:\/\/secure.gravatar.com\/avatar\/756f72c890440fd1d188efdb640aa38ff9bae54afcbfde9221b357c60dfcc39f?s=96&d=mm&r=g","caption":"shona"}}]}},"_links":{"self":[{"href":"https:\/\/www.palletforce.com\/fr\/wp-json\/wp\/v2\/posts\/102556","targetHints":{"allow":["GET"]}}],"collection":[{"href":"https:\/\/www.palletforce.com\/fr\/wp-json\/wp\/v2\/posts"}],"about":[{"href":"https:\/\/www.palletforce.com\/fr\/wp-json\/wp\/v2\/types\/post"}],"author":[{"embeddable":true,"href":"https:\/\/www.palletforce.com\/fr\/wp-json\/wp\/v2\/users\/18"}],"replies":[{"embeddable":true,"href":"https:\/\/www.palletforce.com\/fr\/wp-json\/wp\/v2\/comments?post=102556"}],"version-history":[{"count":1,"href":"https:\/\/www.palletforce.com\/fr\/wp-json\/wp\/v2\/posts\/102556\/revisions"}],"predecessor-version":[{"id":102558,"href":"https:\/\/www.palletforce.com\/fr\/wp-json\/wp\/v2\/posts\/102556\/revisions\/102558"}],"wp:featuredmedia":[{"embeddable":true,"href":"https:\/\/www.palletforce.com\/fr\/wp-json\/wp\/v2\/media\/102557"}],"wp:attachment":[{"href":"https:\/\/www.palletforce.com\/fr\/wp-json\/wp\/v2\/media?parent=102556"}],"wp:term":[{"taxonomy":"category","embeddable":true,"href":"https:\/\/www.palletforce.com\/fr\/wp-json\/wp\/v2\/categories?post=102556"},{"taxonomy":"post_tag","embeddable":true,"href":"https:\/\/www.palletforce.com\/fr\/wp-json\/wp\/v2\/tags?post=102556"},{"taxonomy":"postlocation","embeddable":true,"href":"https:\/\/www.palletforce.com\/fr\/wp-json\/wp\/v2\/postlocation?post=102556"},{"taxonomy":"posttype","embeddable":true,"href":"https:\/\/www.palletforce.com\/fr\/wp-json\/wp\/v2\/posttype?post=102556"},{"taxonomy":"postservice","embeddable":true,"href":"https:\/\/www.palletforce.com\/fr\/wp-json\/wp\/v2\/postservice?post=102556"}],"curies":[{"name":"wp","href":"https:\/\/api.w.org\/{rel}","templated":true}]}}