{"id":108107,"date":"2023-01-09T10:46:21","date_gmt":"2023-01-09T10:46:21","guid":{"rendered":"https:\/\/www.palletforce.com\/?p=108107"},"modified":"2023-01-09T10:46:21","modified_gmt":"2023-01-09T10:46:21","slug":"palletforce-strengthens-senior-team-with-member-relations-director-appointment","status":"publish","type":"post","link":"https:\/\/www.palletforce.com\/fr\/palletforce-strengthens-senior-team-with-member-relations-director-appointment\/","title":{"rendered":"Palletforce renforce son \u00e9quipe senior avec la nomination d&#039;un directeur des relations avec les membres"},"content":{"rendered":"<p>Palletforce d&#039;EV Cargo a recrut\u00e9 l&#039;un des cadres les plus exp\u00e9riment\u00e9s du secteur de la distribution express au sein de son \u00e9quipe de direction, afin de renforcer davantage le partenariat du r\u00e9seau avec ses membres.<\/p>\n\n\n\n<p>Chris Dennigan rejoint l&#039;entreprise en tant que directeur des relations avec les membres, o\u00f9 son r\u00f4le sera de travailler en \u00e9troite collaboration avec les membres Palletforce existants, tout en identifiant et en s\u00e9curisant de nouveaux ajouts au r\u00e9seau en pleine croissance.<\/p>\n\n\n\n<p>Avec une carri\u00e8re de 23 ans dans l&#039;industrie, Chris poss\u00e8de une vaste exp\u00e9rience dans le secteur des r\u00e9seaux de palettes, ayant pr\u00e9c\u00e9demment occup\u00e9 des postes de directeur de r\u00e9seau et de directeur commercial avant de rejoindre Palletforce.<\/p>\n\n\n\n<p>Sa nomination t\u00e9moigne en outre de l&#039;engagement de Palletforce envers la philosophie de travailler dans une approche de partenariat avec les membres, ainsi que d&#039;assurer une qualit\u00e9 et des performances de livraison in\u00e9gal\u00e9es dans chaque code postal et de cr\u00e9er une plate-forme pour les membres afin de permettre une croissance durable \u00e0 long terme.<\/p>\n\n\n\n<p>Le directeur du d\u00e9veloppement du r\u00e9seau Palletforce, David Breeze, a d\u00e9clar\u00e9 : \u00ab Nous sommes ravis que Chris nous ait rejoints, en particulier en cette p\u00e9riode passionnante o\u00f9 notre r\u00e9seau continue de se renforcer et d&#039;offrir des avantages concurrentiels clairs \u00e0 nos membres. Il poss\u00e8de une exp\u00e9rience consid\u00e9rable dans les r\u00e9seaux de palettes \u00e0 un niveau sup\u00e9rieur et une exp\u00e9rience \u00e9prouv\u00e9e dans l&#039;\u00e9tablissement de relations durables avec des coll\u00e8gues et des membres.<\/p>\n\n\n\n<p>&quot;Notre strat\u00e9gie de d\u00e9veloppement de r\u00e9seau s&#039;est concentr\u00e9e sur le renforcement du service, et nous avons ajout\u00e9 de nouveaux membres de qualit\u00e9 en nombre au cours des 12 derniers mois, ainsi que l&#039;identification d&#039;entreprises partageant les m\u00eames id\u00e9es en tant que partenaires commerciaux potentiels ou acquisitions potentielles.<\/p>\n\n\n\n<p>&quot;En tant que compl\u00e9ment suppl\u00e9mentaire \u00e0 notre talentueuse \u00e9quipe de direction, Chris jouera un r\u00f4le central pour garder Palletforce et ses membres en avance sur la concurrence.&quot;<\/p>\n\n\n\n<p>Dipl\u00f4m\u00e9 du Royal Berkshire Agricultural College et de la Henley Business School, Chris a commenc\u00e9 sa carri\u00e8re en tant que directeur g\u00e9n\u00e9ral de d\u00e9p\u00f4t chez Target Worldwide Express en 1999.<\/p>\n\n\n\n<p>Il a d\u00e9clar\u00e9 : \u00ab Au cours des 20 derni\u00e8res ann\u00e9es, j&#039;ai vu Palletforce se d\u00e9velopper pour devenir le premier r\u00e9seau du secteur, et dans le cadre d&#039;EV Cargo, il ne fera que se renforcer.<\/p>\n\n\n\n<p>&quot;Mais c&#039;est un r\u00e9seau qui s&#039;est construit sur la qualit\u00e9 de ses membres, et j&#039;ai h\u00e2te de relever les d\u00e9fis et les opportunit\u00e9s de travailler avec les membres, anciens et nouveaux, alors qu&#039;il continue de cro\u00eetre.&quot;<\/p>","protected":false},"excerpt":{"rendered":"<p>Palletforce d&#039;EV Cargo a recrut\u00e9 l&#039;un des cadres les plus exp\u00e9riment\u00e9s du secteur de la distribution express au sein de son \u00e9quipe de direction, afin de renforcer davantage le partenariat du r\u00e9seau avec ses membres.<\/p>","protected":false},"author":18,"featured_media":108108,"comment_status":"open","ping_status":"open","sticky":false,"template":"","format":"standard","meta":{"_acf_changed":false,"inline_featured_image":false,"footnotes":""},"categories":[29,28,26],"tags":[],"postlocation":[],"posttype":[],"postservice":[],"class_list":["post-108107","post","type-post","status-publish","format-standard","has-post-thumbnail","hentry","category-general","category-latest-news","category-news"],"acf":[],"yoast_head":"<!-- This site is optimized with the Yoast SEO plugin v26.6 - https:\/\/yoast.com\/wordpress\/plugins\/seo\/ -->\n<title>Palletforce Strengthens Senior Team With Member Relations Director Appointment - Palletforce<\/title>\n<meta name=\"robots\" content=\"index, follow, max-snippet:-1, max-image-preview:large, max-video-preview:-1\" \/>\n<link rel=\"canonical\" href=\"https:\/\/www.palletforce.com\/fr\/palletforce-strengthens-senior-team-with-member-relations-director-appointment\/\" \/>\n<meta property=\"og:locale\" content=\"fr_FR\" \/>\n<meta property=\"og:type\" content=\"article\" \/>\n<meta property=\"og:title\" content=\"Palletforce Strengthens Senior Team With Member Relations Director Appointment - Palletforce\" \/>\n<meta property=\"og:description\" content=\"EV Cargo\u2019s Palletforce has recruited one of the express distribution sector\u2019s most experienced executives to its senior management team, to further strengthen the network\u2019s partnership with members.\" \/>\n<meta property=\"og:url\" content=\"https:\/\/www.palletforce.com\/fr\/palletforce-strengthens-senior-team-with-member-relations-director-appointment\/\" \/>\n<meta property=\"og:site_name\" content=\"Palletforce\" \/>\n<meta property=\"article:published_time\" content=\"2023-01-09T10:46:21+00:00\" \/>\n<meta property=\"og:image\" content=\"https:\/\/www.palletforce.com\/wp-content\/uploads\/2023\/01\/Chris-Dennigan-banner.jpg\" \/>\n\t<meta property=\"og:image:width\" content=\"1855\" \/>\n\t<meta property=\"og:image:height\" content=\"550\" \/>\n\t<meta property=\"og:image:type\" content=\"image\/jpeg\" \/>\n<meta name=\"author\" content=\"shona\" \/>\n<meta name=\"twitter:card\" content=\"summary_large_image\" \/>\n<meta name=\"twitter:label1\" content=\"\u00c9crit par\" \/>\n\t<meta name=\"twitter:data1\" content=\"shona\" \/>\n\t<meta name=\"twitter:label2\" content=\"Dur\u00e9e de lecture estim\u00e9e\" \/>\n\t<meta name=\"twitter:data2\" content=\"2 minutes\" \/>\n<script type=\"application\/ld+json\" class=\"yoast-schema-graph\">{\"@context\":\"https:\/\/schema.org\",\"@graph\":[{\"@type\":\"WebPage\",\"@id\":\"https:\/\/www.palletforce.com\/palletforce-strengthens-senior-team-with-member-relations-director-appointment\/\",\"url\":\"https:\/\/www.palletforce.com\/palletforce-strengthens-senior-team-with-member-relations-director-appointment\/\",\"name\":\"Palletforce Strengthens Senior Team With Member Relations Director Appointment - Palletforce\",\"isPartOf\":{\"@id\":\"https:\/\/www.palletforce.com\/#website\"},\"primaryImageOfPage\":{\"@id\":\"https:\/\/www.palletforce.com\/palletforce-strengthens-senior-team-with-member-relations-director-appointment\/#primaryimage\"},\"image\":{\"@id\":\"https:\/\/www.palletforce.com\/palletforce-strengthens-senior-team-with-member-relations-director-appointment\/#primaryimage\"},\"thumbnailUrl\":\"https:\/\/www.palletforce.com\/wp-content\/uploads\/2023\/01\/Chris-Dennigan-banner.jpg\",\"datePublished\":\"2023-01-09T10:46:21+00:00\",\"author\":{\"@id\":\"https:\/\/www.palletforce.com\/#\/schema\/person\/cda523345ba606e8aa2c3b33c1a282af\"},\"inLanguage\":\"fr-FR\",\"potentialAction\":[{\"@type\":\"ReadAction\",\"target\":[\"https:\/\/www.palletforce.com\/palletforce-strengthens-senior-team-with-member-relations-director-appointment\/\"]}]},{\"@type\":\"ImageObject\",\"inLanguage\":\"fr-FR\",\"@id\":\"https:\/\/www.palletforce.com\/palletforce-strengthens-senior-team-with-member-relations-director-appointment\/#primaryimage\",\"url\":\"https:\/\/www.palletforce.com\/wp-content\/uploads\/2023\/01\/Chris-Dennigan-banner.jpg\",\"contentUrl\":\"https:\/\/www.palletforce.com\/wp-content\/uploads\/2023\/01\/Chris-Dennigan-banner.jpg\",\"width\":1855,\"height\":550},{\"@type\":\"WebSite\",\"@id\":\"https:\/\/www.palletforce.com\/#website\",\"url\":\"https:\/\/www.palletforce.com\/\",\"name\":\"Palletforce\",\"description\":\"\",\"potentialAction\":[{\"@type\":\"SearchAction\",\"target\":{\"@type\":\"EntryPoint\",\"urlTemplate\":\"https:\/\/www.palletforce.com\/?s={search_term_string}\"},\"query-input\":{\"@type\":\"PropertyValueSpecification\",\"valueRequired\":true,\"valueName\":\"search_term_string\"}}],\"inLanguage\":\"fr-FR\"},{\"@type\":\"Person\",\"@id\":\"https:\/\/www.palletforce.com\/#\/schema\/person\/cda523345ba606e8aa2c3b33c1a282af\",\"name\":\"shona\",\"image\":{\"@type\":\"ImageObject\",\"inLanguage\":\"fr-FR\",\"@id\":\"https:\/\/www.palletforce.com\/#\/schema\/person\/image\/\",\"url\":\"https:\/\/secure.gravatar.com\/avatar\/756f72c890440fd1d188efdb640aa38ff9bae54afcbfde9221b357c60dfcc39f?s=96&d=mm&r=g\",\"contentUrl\":\"https:\/\/secure.gravatar.com\/avatar\/756f72c890440fd1d188efdb640aa38ff9bae54afcbfde9221b357c60dfcc39f?s=96&d=mm&r=g\",\"caption\":\"shona\"}}]}<\/script>\n<!-- \/ Yoast SEO plugin. -->","yoast_head_json":{"title":"Palletforce renforce son \u00e9quipe dirigeante avec la nomination d&#039;un directeur des relations avec les membres - Palletforce","robots":{"index":"index","follow":"follow","max-snippet":"max-snippet:-1","max-image-preview":"max-image-preview:large","max-video-preview":"max-video-preview:-1"},"canonical":"https:\/\/www.palletforce.com\/fr\/palletforce-strengthens-senior-team-with-member-relations-director-appointment\/","og_locale":"fr_FR","og_type":"article","og_title":"Palletforce Strengthens Senior Team With Member Relations Director Appointment - Palletforce","og_description":"EV Cargo\u2019s Palletforce has recruited one of the express distribution sector\u2019s most experienced executives to its senior management team, to further strengthen the network\u2019s partnership with members.","og_url":"https:\/\/www.palletforce.com\/fr\/palletforce-strengthens-senior-team-with-member-relations-director-appointment\/","og_site_name":"Palletforce","article_published_time":"2023-01-09T10:46:21+00:00","og_image":[{"width":1855,"height":550,"url":"https:\/\/www.palletforce.com\/wp-content\/uploads\/2023\/01\/Chris-Dennigan-banner.jpg","type":"image\/jpeg"}],"author":"shona","twitter_card":"summary_large_image","twitter_misc":{"\u00c9crit par":"shona","Dur\u00e9e de lecture estim\u00e9e":"2 minutes"},"schema":{"@context":"https:\/\/schema.org","@graph":[{"@type":"WebPage","@id":"https:\/\/www.palletforce.com\/palletforce-strengthens-senior-team-with-member-relations-director-appointment\/","url":"https:\/\/www.palletforce.com\/palletforce-strengthens-senior-team-with-member-relations-director-appointment\/","name":"Palletforce renforce son \u00e9quipe dirigeante avec la nomination d&#039;un directeur des relations avec les membres - Palletforce","isPartOf":{"@id":"https:\/\/www.palletforce.com\/#website"},"primaryImageOfPage":{"@id":"https:\/\/www.palletforce.com\/palletforce-strengthens-senior-team-with-member-relations-director-appointment\/#primaryimage"},"image":{"@id":"https:\/\/www.palletforce.com\/palletforce-strengthens-senior-team-with-member-relations-director-appointment\/#primaryimage"},"thumbnailUrl":"https:\/\/www.palletforce.com\/wp-content\/uploads\/2023\/01\/Chris-Dennigan-banner.jpg","datePublished":"2023-01-09T10:46:21+00:00","author":{"@id":"https:\/\/www.palletforce.com\/#\/schema\/person\/cda523345ba606e8aa2c3b33c1a282af"},"inLanguage":"fr-FR","potentialAction":[{"@type":"ReadAction","target":["https:\/\/www.palletforce.com\/palletforce-strengthens-senior-team-with-member-relations-director-appointment\/"]}]},{"@type":"ImageObject","inLanguage":"fr-FR","@id":"https:\/\/www.palletforce.com\/palletforce-strengthens-senior-team-with-member-relations-director-appointment\/#primaryimage","url":"https:\/\/www.palletforce.com\/wp-content\/uploads\/2023\/01\/Chris-Dennigan-banner.jpg","contentUrl":"https:\/\/www.palletforce.com\/wp-content\/uploads\/2023\/01\/Chris-Dennigan-banner.jpg","width":1855,"height":550},{"@type":"WebSite","@id":"https:\/\/www.palletforce.com\/#website","url":"https:\/\/www.palletforce.com\/","name":"Force de palette","description":"","potentialAction":[{"@type":"SearchAction","target":{"@type":"EntryPoint","urlTemplate":"https:\/\/www.palletforce.com\/?s={search_term_string}"},"query-input":{"@type":"PropertyValueSpecification","valueRequired":true,"valueName":"search_term_string"}}],"inLanguage":"fr-FR"},{"@type":"Person","@id":"https:\/\/www.palletforce.com\/#\/schema\/person\/cda523345ba606e8aa2c3b33c1a282af","name":"Shona","image":{"@type":"ImageObject","inLanguage":"fr-FR","@id":"https:\/\/www.palletforce.com\/#\/schema\/person\/image\/","url":"https:\/\/secure.gravatar.com\/avatar\/756f72c890440fd1d188efdb640aa38ff9bae54afcbfde9221b357c60dfcc39f?s=96&d=mm&r=g","contentUrl":"https:\/\/secure.gravatar.com\/avatar\/756f72c890440fd1d188efdb640aa38ff9bae54afcbfde9221b357c60dfcc39f?s=96&d=mm&r=g","caption":"shona"}}]}},"_links":{"self":[{"href":"https:\/\/www.palletforce.com\/fr\/wp-json\/wp\/v2\/posts\/108107","targetHints":{"allow":["GET"]}}],"collection":[{"href":"https:\/\/www.palletforce.com\/fr\/wp-json\/wp\/v2\/posts"}],"about":[{"href":"https:\/\/www.palletforce.com\/fr\/wp-json\/wp\/v2\/types\/post"}],"author":[{"embeddable":true,"href":"https:\/\/www.palletforce.com\/fr\/wp-json\/wp\/v2\/users\/18"}],"replies":[{"embeddable":true,"href":"https:\/\/www.palletforce.com\/fr\/wp-json\/wp\/v2\/comments?post=108107"}],"version-history":[{"count":1,"href":"https:\/\/www.palletforce.com\/fr\/wp-json\/wp\/v2\/posts\/108107\/revisions"}],"predecessor-version":[{"id":108109,"href":"https:\/\/www.palletforce.com\/fr\/wp-json\/wp\/v2\/posts\/108107\/revisions\/108109"}],"wp:featuredmedia":[{"embeddable":true,"href":"https:\/\/www.palletforce.com\/fr\/wp-json\/wp\/v2\/media\/108108"}],"wp:attachment":[{"href":"https:\/\/www.palletforce.com\/fr\/wp-json\/wp\/v2\/media?parent=108107"}],"wp:term":[{"taxonomy":"category","embeddable":true,"href":"https:\/\/www.palletforce.com\/fr\/wp-json\/wp\/v2\/categories?post=108107"},{"taxonomy":"post_tag","embeddable":true,"href":"https:\/\/www.palletforce.com\/fr\/wp-json\/wp\/v2\/tags?post=108107"},{"taxonomy":"postlocation","embeddable":true,"href":"https:\/\/www.palletforce.com\/fr\/wp-json\/wp\/v2\/postlocation?post=108107"},{"taxonomy":"posttype","embeddable":true,"href":"https:\/\/www.palletforce.com\/fr\/wp-json\/wp\/v2\/posttype?post=108107"},{"taxonomy":"postservice","embeddable":true,"href":"https:\/\/www.palletforce.com\/fr\/wp-json\/wp\/v2\/postservice?post=108107"}],"curies":[{"name":"wp","href":"https:\/\/api.w.org\/{rel}","templated":true}]}}