{"id":102307,"date":"2019-01-28T15:22:00","date_gmt":"2019-01-28T15:22:00","guid":{"rendered":"https:\/\/www.palletforce.com\/?p=102307"},"modified":"2021-10-20T03:28:23","modified_gmt":"2021-10-20T02:28:23","slug":"kris-meeke-sets-world-rally-pace-with-palletforce","status":"publish","type":"post","link":"https:\/\/www.palletforce.com\/pl\/kris-meeke-sets-world-rally-pace-with-palletforce\/","title":{"rendered":"Kris Meeke nadaje tempo World Rally dzi\u0119ki Palletforce"},"content":{"rendered":"<p>Ambasador marki Palletforce, Kris Meeke, rozpocz\u0105\u0142 swoje wyzwanie w Rajdowych Mistrzostwach \u015awiata FIA od \u015bwietnego startu w Rajdzie Monte Carlo. W swoim debiutanckim wy\u015bcigu z zespo\u0142em Toyota Gazoo Racing World Rally Team, Meeke szybko zmierzy\u0142 si\u0119 z nowym samochodem i pilotem, aby uzyska\u0107 najlepszy czas na ostatnim Power Stage i uko\u0144czy\u0107 sz\u00f3sty w klasyfikacji generalnej.<\/p>\n\n\n\n<p>Kierowca z Irlandii P\u00f3\u0142nocnej rozpocz\u0105\u0142 wsp\u00f3\u0142prac\u0119 z Palletforce od najlepszego mo\u017cliwego startu po tym, jak w czwartek osi\u0105gn\u0105\u0142 najwy\u017cszy poziom w grafiku. I pomimo wskoczenia do rywalizacji z Toyot\u0105 Yaris WRC po raz pierwszy, on i nowy pilot Seb Marshall ustanowili seri\u0119 najlepszych czas\u00f3w podczas akcji otwieraj\u0105cej wy\u015bcig wok\u00f3\u0142 Gap w pobli\u017cu francuskich Alp.<\/p>\n\n\n\n<p>Niestety, dwie zepsute felgi i przebite opony spowodowa\u0142y, \u017ce para spad\u0142a w ci\u0105gu sze\u015bciu minut i spad\u0142a na \u00f3sme miejsce w tabeli. Jednak przez ca\u0142\u0105 sobot\u0119 walczyli w trudnych zimowych warunkach, ustanawiaj\u0105c drugie najszybsze czasy na wszystkich odcinkach poza jednym.<\/p>\n\n\n\n<p>Rajd Monte Carlo s\u0142ynie z trudnych warunk\u00f3w pogodowych \u2013 kierowcy zmagaj\u0105 si\u0119 ze \u015bniegiem, lodem, wilgotnymi i suchymi drogami asfaltowymi na jednym konkurencyjnym etapie \u2013 co sprawia, \u017ce wyb\u00f3r opon jest prawdziw\u0105 loteri\u0105. Ale Meeke wykorzysta\u0142 swoje do\u015bwiadczenie i opanowa\u0142 mro\u017ane g\u00f3rskie warunki, aby szybko awansowa\u0107 na sz\u00f3ste miejsce przed ostatnim starciem dnia.<\/p>\n\n\n\n<p>Gdy wy\u015bcig przeni\u00f3s\u0142 si\u0119 do Monako, Meeke zako\u0144czy\u0142 osza\u0142amiaj\u0105cy debiut, osi\u0105gaj\u0105c najszybszy wynik na ostatnim Power Stage rajdu, kt\u00f3ry oferuje dodatkowe punkty dla pi\u0119ciu najlepszych kierowc\u00f3w, nawet je\u015bli liderzy toczyli tytaniczn\u0105 walk\u0119 o zwyci\u0119stwo.<\/p>\n\n\n\n<p>Dodatkowe punkty sprawi\u0142y, \u017ce Meeke awansowa\u0142 na czwarte miejsce w klasyfikacji generalnej mistrzostw, poniewa\u017c w lutym dru\u017cyna zmierza do Rajdu Szwecji, aby jeszcze wi\u0119cej akcji na \u015bniegu i lodzie, tym razem przez zamarzni\u0119te skandynawskie lasy.<\/p>\n\n\n\n<p>Dave Holland, dyrektor sprzeda\u017cy i marketingu Palletforce, powiedzia\u0142: \u201eKris mia\u0142 bardzo udany pocz\u0105tek sezonu i wspaniale, \u017ce Palletforce m\u00f3g\u0142 by\u0107 tego cz\u0119\u015bci\u0105 i czerpa\u0107 korzy\u015bci z globalnej ekspozycji marki, jak\u0105 zapewnia ta okazja. Monte Carlo s\u0142ynie z tego, \u017ce jest ogromnym wyzwaniem i to \u015bwietny znak na przysz\u0142o\u015b\u0107, \u017ce tak szybko nad\u0105\u017ca za nowym samochodem, zespo\u0142em i pilotem.<\/p>\n\n\n\n<p>Kris Meeke powiedzia\u0142: \u201eZwyci\u0119stwo Power Stage by\u0142o niesamowitym sposobem na uko\u0144czenie naszego pierwszego rajdu z Toyota Gazoo Racing. W ten weekend ustalili\u015bmy tylko jeden najlepszy czas, ale zrobili\u015bmy to, gdy to si\u0119 liczy\u0142o. Inni kierowcy wci\u0105\u017c walczyli o swoje pozycje do samego ko\u0144ca, wi\u0119c postawienie go na szali i odej\u015bcie z pi\u0119cioma dodatkowymi punktami jest \u015bwietne. Wra\u017cenia z samochodu s\u0105 naprawd\u0119 dobre. Wreszcie wydaje mi si\u0119, \u017ce wszystko si\u0119 uk\u0142ada, ale jeste\u015bmy tylko w jednym rajdzie, wi\u0119c teraz musimy by\u0107 skoncentrowani i nie mo\u017cemy si\u0119 doczeka\u0107 Szwecji\u201d.<\/p>","protected":false},"excerpt":{"rendered":"<p>Ambasador marki Palletforce, Kris Meeke, rozpocz\u0105\u0142 swoje wyzwanie w Rajdowych Mistrzostwach \u015awiata FIA od \u015bwietnego startu w Rajdzie Monte Carlo. W swoim debiutanckim wy\u015bcigu z zespo\u0142em Toyota Gazoo Racing World Rally Team, Meeke szybko zmierzy\u0142 si\u0119 z nowym samochodem i pilotem, aby uzyska\u0107 najlepszy czas na ostatnim Power Stage i uko\u0144czy\u0107 sz\u00f3sty w klasyfikacji generalnej.<\/p>","protected":false},"author":21,"featured_media":102308,"comment_status":"open","ping_status":"open","sticky":false,"template":"","format":"standard","meta":{"_acf_changed":false,"inline_featured_image":false,"footnotes":""},"categories":[29,57,28,26],"tags":[],"postlocation":[],"posttype":[],"postservice":[],"class_list":["post-102307","post","type-post","status-publish","format-standard","has-post-thumbnail","hentry","category-general","category-generallatest-news","category-latest-news","category-news"],"acf":[],"yoast_head":"<!-- This site is optimized with the Yoast SEO plugin v26.6 - https:\/\/yoast.com\/wordpress\/plugins\/seo\/ -->\n<title>Kris Meeke sets World Rally pace with Palletforce - Palletforce<\/title>\n<meta name=\"robots\" content=\"index, follow, max-snippet:-1, max-image-preview:large, max-video-preview:-1\" \/>\n<link rel=\"canonical\" href=\"https:\/\/www.palletforce.com\/pl\/kris-meeke-sets-world-rally-pace-with-palletforce\/\" \/>\n<meta property=\"og:locale\" content=\"pl_PL\" \/>\n<meta property=\"og:type\" content=\"article\" \/>\n<meta property=\"og:title\" content=\"Kris Meeke sets World Rally pace with Palletforce - Palletforce\" \/>\n<meta property=\"og:description\" content=\"Palletforce international brand ambassador Kris Meeke got his FIA World Rally Championship challenge off to a flying start at Rallye Monte Carlo. On his debut event with the Toyota Gazoo Racing World Rally Team, Meeke quickly got to grips with a new car and co-driver to claim the fastest time on the final Power Stage and finish six overall.\" \/>\n<meta property=\"og:url\" content=\"https:\/\/www.palletforce.com\/pl\/kris-meeke-sets-world-rally-pace-with-palletforce\/\" \/>\n<meta property=\"og:site_name\" content=\"Palletforce\" \/>\n<meta property=\"article:published_time\" content=\"2019-01-28T15:22:00+00:00\" \/>\n<meta property=\"article:modified_time\" content=\"2021-10-20T02:28:23+00:00\" \/>\n<meta property=\"og:image\" content=\"https:\/\/www.palletforce.com\/wp-content\/uploads\/2021\/10\/wrc_2019_rd1_317.jpg\" \/>\n\t<meta property=\"og:image:width\" content=\"1000\" \/>\n\t<meta property=\"og:image:height\" content=\"667\" \/>\n\t<meta property=\"og:image:type\" content=\"image\/jpeg\" \/>\n<meta name=\"author\" content=\"fiona\" \/>\n<meta name=\"twitter:card\" content=\"summary_large_image\" \/>\n<meta name=\"twitter:label1\" content=\"Napisane przez\" \/>\n\t<meta name=\"twitter:data1\" content=\"fiona\" \/>\n\t<meta name=\"twitter:label2\" content=\"Szacowany czas czytania\" \/>\n\t<meta name=\"twitter:data2\" content=\"3 minuty\" \/>\n<script type=\"application\/ld+json\" class=\"yoast-schema-graph\">{\"@context\":\"https:\/\/schema.org\",\"@graph\":[{\"@type\":\"WebPage\",\"@id\":\"https:\/\/www.palletforce.com\/en\/kris-meeke-sets-world-rally-pace-with-palletforce\/\",\"url\":\"https:\/\/www.palletforce.com\/en\/kris-meeke-sets-world-rally-pace-with-palletforce\/\",\"name\":\"Kris Meeke sets World Rally pace with Palletforce - Palletforce\",\"isPartOf\":{\"@id\":\"https:\/\/www.palletforce.com\/#website\"},\"primaryImageOfPage\":{\"@id\":\"https:\/\/www.palletforce.com\/en\/kris-meeke-sets-world-rally-pace-with-palletforce\/#primaryimage\"},\"image\":{\"@id\":\"https:\/\/www.palletforce.com\/en\/kris-meeke-sets-world-rally-pace-with-palletforce\/#primaryimage\"},\"thumbnailUrl\":\"https:\/\/www.palletforce.com\/wp-content\/uploads\/2021\/10\/wrc_2019_rd1_317.jpg\",\"datePublished\":\"2019-01-28T15:22:00+00:00\",\"dateModified\":\"2021-10-20T02:28:23+00:00\",\"author\":{\"@id\":\"https:\/\/www.palletforce.com\/#\/schema\/person\/c2b48b6ee633870b1b82970e22b2569e\"},\"inLanguage\":\"pl-PL\",\"potentialAction\":[{\"@type\":\"ReadAction\",\"target\":[\"https:\/\/www.palletforce.com\/en\/kris-meeke-sets-world-rally-pace-with-palletforce\/\"]}]},{\"@type\":\"ImageObject\",\"inLanguage\":\"pl-PL\",\"@id\":\"https:\/\/www.palletforce.com\/en\/kris-meeke-sets-world-rally-pace-with-palletforce\/#primaryimage\",\"url\":\"https:\/\/www.palletforce.com\/wp-content\/uploads\/2021\/10\/wrc_2019_rd1_317.jpg\",\"contentUrl\":\"https:\/\/www.palletforce.com\/wp-content\/uploads\/2021\/10\/wrc_2019_rd1_317.jpg\",\"width\":1000,\"height\":667,\"caption\":\"FIA World Rally Championship 2019 \/ Round 01 \/ Monte Carlo Rally \/ January 24-27, 2019 \/\/ Worldwide Copyright: Toyota Gazoo Racing WRC\"},{\"@type\":\"WebSite\",\"@id\":\"https:\/\/www.palletforce.com\/#website\",\"url\":\"https:\/\/www.palletforce.com\/\",\"name\":\"Palletforce\",\"description\":\"\",\"potentialAction\":[{\"@type\":\"SearchAction\",\"target\":{\"@type\":\"EntryPoint\",\"urlTemplate\":\"https:\/\/www.palletforce.com\/?s={search_term_string}\"},\"query-input\":{\"@type\":\"PropertyValueSpecification\",\"valueRequired\":true,\"valueName\":\"search_term_string\"}}],\"inLanguage\":\"pl-PL\"},{\"@type\":\"Person\",\"@id\":\"https:\/\/www.palletforce.com\/#\/schema\/person\/c2b48b6ee633870b1b82970e22b2569e\",\"name\":\"fiona\",\"image\":{\"@type\":\"ImageObject\",\"inLanguage\":\"pl-PL\",\"@id\":\"https:\/\/www.palletforce.com\/#\/schema\/person\/image\/\",\"url\":\"https:\/\/secure.gravatar.com\/avatar\/20b4299450a71829925308c9879bb4c4fc380eed688559bd05320a411d6d0698?s=96&d=mm&r=g\",\"contentUrl\":\"https:\/\/secure.gravatar.com\/avatar\/20b4299450a71829925308c9879bb4c4fc380eed688559bd05320a411d6d0698?s=96&d=mm&r=g\",\"caption\":\"fiona\"}}]}<\/script>\n<!-- \/ Yoast SEO plugin. -->","yoast_head_json":{"title":"Kris Meeke wyznacza tempo Rajdu \u015awiatowego z Palletforce - Palletforce","robots":{"index":"index","follow":"follow","max-snippet":"max-snippet:-1","max-image-preview":"max-image-preview:large","max-video-preview":"max-video-preview:-1"},"canonical":"https:\/\/www.palletforce.com\/pl\/kris-meeke-sets-world-rally-pace-with-palletforce\/","og_locale":"pl_PL","og_type":"article","og_title":"Kris Meeke sets World Rally pace with Palletforce - Palletforce","og_description":"Palletforce international brand ambassador Kris Meeke got his FIA World Rally Championship challenge off to a flying start at Rallye Monte Carlo. On his debut event with the Toyota Gazoo Racing World Rally Team, Meeke quickly got to grips with a new car and co-driver to claim the fastest time on the final Power Stage and finish six overall.","og_url":"https:\/\/www.palletforce.com\/pl\/kris-meeke-sets-world-rally-pace-with-palletforce\/","og_site_name":"Palletforce","article_published_time":"2019-01-28T15:22:00+00:00","article_modified_time":"2021-10-20T02:28:23+00:00","og_image":[{"width":1000,"height":667,"url":"https:\/\/www.palletforce.com\/wp-content\/uploads\/2021\/10\/wrc_2019_rd1_317.jpg","type":"image\/jpeg"}],"author":"fiona","twitter_card":"summary_large_image","twitter_misc":{"Napisane przez":"fiona","Szacowany czas czytania":"3 minuty"},"schema":{"@context":"https:\/\/schema.org","@graph":[{"@type":"WebPage","@id":"https:\/\/www.palletforce.com\/en\/kris-meeke-sets-world-rally-pace-with-palletforce\/","url":"https:\/\/www.palletforce.com\/en\/kris-meeke-sets-world-rally-pace-with-palletforce\/","name":"Kris Meeke wyznacza tempo Rajdu \u015awiatowego z Palletforce - Palletforce","isPartOf":{"@id":"https:\/\/www.palletforce.com\/#website"},"primaryImageOfPage":{"@id":"https:\/\/www.palletforce.com\/en\/kris-meeke-sets-world-rally-pace-with-palletforce\/#primaryimage"},"image":{"@id":"https:\/\/www.palletforce.com\/en\/kris-meeke-sets-world-rally-pace-with-palletforce\/#primaryimage"},"thumbnailUrl":"https:\/\/www.palletforce.com\/wp-content\/uploads\/2021\/10\/wrc_2019_rd1_317.jpg","datePublished":"2019-01-28T15:22:00+00:00","dateModified":"2021-10-20T02:28:23+00:00","author":{"@id":"https:\/\/www.palletforce.com\/#\/schema\/person\/c2b48b6ee633870b1b82970e22b2569e"},"inLanguage":"pl-PL","potentialAction":[{"@type":"ReadAction","target":["https:\/\/www.palletforce.com\/en\/kris-meeke-sets-world-rally-pace-with-palletforce\/"]}]},{"@type":"ImageObject","inLanguage":"pl-PL","@id":"https:\/\/www.palletforce.com\/en\/kris-meeke-sets-world-rally-pace-with-palletforce\/#primaryimage","url":"https:\/\/www.palletforce.com\/wp-content\/uploads\/2021\/10\/wrc_2019_rd1_317.jpg","contentUrl":"https:\/\/www.palletforce.com\/wp-content\/uploads\/2021\/10\/wrc_2019_rd1_317.jpg","width":1000,"height":667,"caption":"FIA World Rally Championship 2019 \/ Round 01 \/ Monte Carlo Rally \/ January 24-27, 2019 \/\/ Worldwide Copyright: Toyota Gazoo Racing WRC"},{"@type":"WebSite","@id":"https:\/\/www.palletforce.com\/#website","url":"https:\/\/www.palletforce.com\/","name":"Si\u0142a palet","description":"","potentialAction":[{"@type":"SearchAction","target":{"@type":"EntryPoint","urlTemplate":"https:\/\/www.palletforce.com\/?s={search_term_string}"},"query-input":{"@type":"PropertyValueSpecification","valueRequired":true,"valueName":"search_term_string"}}],"inLanguage":"pl-PL"},{"@type":"Person","@id":"https:\/\/www.palletforce.com\/#\/schema\/person\/c2b48b6ee633870b1b82970e22b2569e","name":"Fiona","image":{"@type":"ImageObject","inLanguage":"pl-PL","@id":"https:\/\/www.palletforce.com\/#\/schema\/person\/image\/","url":"https:\/\/secure.gravatar.com\/avatar\/20b4299450a71829925308c9879bb4c4fc380eed688559bd05320a411d6d0698?s=96&d=mm&r=g","contentUrl":"https:\/\/secure.gravatar.com\/avatar\/20b4299450a71829925308c9879bb4c4fc380eed688559bd05320a411d6d0698?s=96&d=mm&r=g","caption":"fiona"}}]}},"_links":{"self":[{"href":"https:\/\/www.palletforce.com\/pl\/wp-json\/wp\/v2\/posts\/102307","targetHints":{"allow":["GET"]}}],"collection":[{"href":"https:\/\/www.palletforce.com\/pl\/wp-json\/wp\/v2\/posts"}],"about":[{"href":"https:\/\/www.palletforce.com\/pl\/wp-json\/wp\/v2\/types\/post"}],"author":[{"embeddable":true,"href":"https:\/\/www.palletforce.com\/pl\/wp-json\/wp\/v2\/users\/21"}],"replies":[{"embeddable":true,"href":"https:\/\/www.palletforce.com\/pl\/wp-json\/wp\/v2\/comments?post=102307"}],"version-history":[{"count":1,"href":"https:\/\/www.palletforce.com\/pl\/wp-json\/wp\/v2\/posts\/102307\/revisions"}],"predecessor-version":[{"id":102309,"href":"https:\/\/www.palletforce.com\/pl\/wp-json\/wp\/v2\/posts\/102307\/revisions\/102309"}],"wp:featuredmedia":[{"embeddable":true,"href":"https:\/\/www.palletforce.com\/pl\/wp-json\/wp\/v2\/media\/102308"}],"wp:attachment":[{"href":"https:\/\/www.palletforce.com\/pl\/wp-json\/wp\/v2\/media?parent=102307"}],"wp:term":[{"taxonomy":"category","embeddable":true,"href":"https:\/\/www.palletforce.com\/pl\/wp-json\/wp\/v2\/categories?post=102307"},{"taxonomy":"post_tag","embeddable":true,"href":"https:\/\/www.palletforce.com\/pl\/wp-json\/wp\/v2\/tags?post=102307"},{"taxonomy":"postlocation","embeddable":true,"href":"https:\/\/www.palletforce.com\/pl\/wp-json\/wp\/v2\/postlocation?post=102307"},{"taxonomy":"posttype","embeddable":true,"href":"https:\/\/www.palletforce.com\/pl\/wp-json\/wp\/v2\/posttype?post=102307"},{"taxonomy":"postservice","embeddable":true,"href":"https:\/\/www.palletforce.com\/pl\/wp-json\/wp\/v2\/postservice?post=102307"}],"curies":[{"name":"wp","href":"https:\/\/api.w.org\/{rel}","templated":true}]}}