{"id":102324,"date":"2019-01-11T15:47:00","date_gmt":"2019-01-11T15:47:00","guid":{"rendered":"https:\/\/www.palletforce.com\/?p=102324"},"modified":"2021-10-20T04:20:34","modified_gmt":"2021-10-20T03:20:34","slug":"ev-cargo-confirms-executive-appointments-and-management-changes","status":"publish","type":"post","link":"https:\/\/www.palletforce.com\/pl\/ev-cargo-confirms-executive-appointments-and-management-changes\/","title":{"rendered":"EV Cargo potwierdza nominacje na stanowiska kierownicze i zmiany w zarz\u0105dzie"},"content":{"rendered":"<p><a rel=\"noreferrer noopener\" href=\"https:\/\/www.evcargo.co.uk\/\" target=\"_blank\">\u0141adunek EV<\/a>, najwi\u0119ksza prywatna grupa logistyczna w Wielkiej Brytanii, og\u0142osi\u0142a szereg nominacji na stanowiska kierownicze i kierownicze po udanym okresie \u015bwi\u0105tecznym w ca\u0142ej grupie.<\/p>\n\n\n\n<p>Stworzony przez specjalistycznego inwestora private equity EmergeVest, EV Cargo zosta\u0142 uruchomiony w listopadzie 2018 r. po konsolidacji sze\u015bciu brytyjskich firm logistycznych.<\/p>\n\n\n\n<p>Firma sk\u0142ada si\u0119 z czterech segment\u00f3w operacyjnych, w kt\u00f3rych dyrektorzy generalni ka\u017cdego segmentu zajmuj\u0105 miejsce w zarz\u0105dzie grupy, zachowuj\u0105c jednocze\u015bnie swoje obecne role w poszczeg\u00f3lnych sp\u00f3\u0142kach. B\u0119d\u0105 podlega\u0107 bezpo\u015brednio dyrektorowi generalnemu EV Cargo, Heathowi Zarinowi.<\/p>\n\n\n\n<p>Dyrektor naczelny Palletforce, Michael Conroy, pokieruje segmentem Express, Clyde Buntrock z&nbsp;<a rel=\"noreferrer noopener\" href=\"https:\/\/allportcargoservices.com\/\" target=\"_blank\">Us\u0142ugi cargo w Allport<\/a>&nbsp;b\u0119dzie nadzorowa\u0107 globalne przekazywanie, podczas gdy&nbsp;<a rel=\"noreferrer noopener\" href=\"https:\/\/www.adjuno.com\/\" target=\"_blank\">Adjuno<\/a>&nbsp;dyrektor naczelny Craig Sears-Black zajmie si\u0119 segmentem technologii.<\/p>\n\n\n\n<p>Heath Zarin zostanie tak\u017ce dyrektorem naczelnym pionu Logistyki, w ramach kt\u00f3rego&nbsp;<a rel=\"noreferrer noopener\" href=\"http:\/\/www.downton.co.uk\/\" target=\"_blank\">CM Downton<\/a>,&nbsp;<a rel=\"noreferrer noopener\" href=\"http:\/\/www.jigsawtransport.com\/\" target=\"_blank\">Puzzle<\/a>&nbsp;oraz&nbsp;<a rel=\"noreferrer noopener\" href=\"http:\/\/www.nft.co.uk\/\" target=\"_blank\">NFT<\/a>&nbsp;b\u0119dzie dzia\u0142a\u0107.<\/p>\n\n\n\n<p>Istnieje r\u00f3wnie\u017c szereg zmian w poszczeg\u00f3lnych przedsi\u0119biorstwach, kt\u00f3re s\u0105 cz\u0119\u015bci\u0105 d\u0142ugoterminowego planowania sukcesji tej firmy.<\/p>\n\n\n\n<p>Duncan Eyre zosta\u0142 mianowany dyrektorem zarz\u0105dzaj\u0105cym CM Downton w styczniu, aby umo\u017cliwi\u0107 Andy&#039;emu, Richardowi i Johnowi Downtonowi przej\u015bcie na stanowiska niewykonawcze.&nbsp;<\/p>\n\n\n\n<p>Zac Brown do\u0142\u0105czy\u0142 do CM Downton jako dyrektor operacyjny, a dyrektor finansowy Ben Armstrong obejmie stanowisko dyrektora finansowego jednostki EV Cargo Logistics.<\/p>\n\n\n\n<p>Na pocz\u0105tku stycznia firma Palletforce wyznaczy\u0142a Steve&#039;a Backa na nowego dyrektora finansowego, zast\u0119puj\u0105c Neila Carpentera, kt\u00f3ry przechodzi na stanowisko starszego doradcy.<\/p>\n\n\n\n<p>Mel Brockhouse i Aaron Scott stan\u0105 si\u0119 wsp\u00f3lnymi dyrektorami zarz\u0105dzaj\u0105cymi NFT, przy czym Mel przejmie odpowiedzialno\u015b\u0107 operacyjn\u0105 w ca\u0142ej grupie NFT, a Aaron skupi si\u0119 na rozwoju klient\u00f3w i ci\u0105g\u0142ym doskonaleniu. Ross Eggleton przejdzie na stanowisko starszego doradcy w EV Cargo, aby rozwija\u0107 strategiczne inicjatywy w ca\u0142ej grupie.<\/p>\n\n\n\n<p>W marcu Charles McGurin obejmie stanowisko niewykonawcze w grupie EV Cargo, a Clyde Buntrock obejmie stanowisko dyrektora generalnego Allport Cargo Services.&nbsp;<\/p>\n\n\n\n<p>Andy Humpherson kontynuuje swoj\u0105 dotychczasow\u0105 funkcj\u0119 dyrektora zarz\u0105dzaj\u0105cego Jigsaw.<\/p>\n\n\n\n<p>Heath Zarin, dyrektor generalny EV Cargo, powiedzia\u0142: \u201ePowo\u0142uj\u0105c dyrektor\u00f3w naczelnych dla ka\u017cdego segmentu operacyjnego, wraz z kluczowymi zmianami w zarz\u0105dzaniu strategicznym w poszczeg\u00f3lnych firmach, stworzyli\u015bmy solidn\u0105 struktur\u0119, aby pom\u00f3c w realizacji naszej d\u0142ugoterminowej strategii dodawania warto\u015b\u0107 dla naszych klient\u00f3w i trwa\u0142y wzrost w ca\u0142ej grupie.<\/p>\n\n\n\n<p>\u201eJednym z g\u0142\u00f3wnych priorytet\u00f3w w tworzeniu EV Cargo by\u0142o zapewnienie, \u017ce potrzeby naszych klient\u00f3w s\u0105 konsekwentnie zaspokajane we wszystkich obszarach dzia\u0142alno\u015bci. Pion Logistyki zajmuje si\u0119 wieloma powi\u0105zanymi klientami i wprowadzili\u015bmy prost\u0105 struktur\u0119 zarz\u0105dzania, podleg\u0142\u0105 samemu sobie, aby umo\u017cliwi\u0107 nam \u015bwiadczenie najlepszych us\u0142ug naszym klientom.\u201d<\/p>","protected":false},"excerpt":{"rendered":"<p>EV Cargo, najwi\u0119ksza prywatna grupa logistyczna w Wielkiej Brytanii, og\u0142osi\u0142a szereg nominacji na stanowiska kierownicze i kierownicze po udanym okresie \u015bwi\u0105tecznym w ca\u0142ej grupie.<\/p>","protected":false},"author":21,"featured_media":102329,"comment_status":"open","ping_status":"open","sticky":false,"template":"","format":"standard","meta":{"_acf_changed":false,"inline_featured_image":false,"footnotes":""},"categories":[29,57,54,105,28,49,26],"tags":[216,217,214,215,100],"postlocation":[],"posttype":[],"postservice":[],"class_list":["post-102324","post","type-post","status-publish","format-standard","has-post-thumbnail","hentry","category-general","category-generallatest-news","category-generalmedia-room","category-industry-news","category-latest-news","category-media-room","category-news","tag-clyde-buntrock","tag-craig-sears-black","tag-ev-cargo","tag-heath-zarin","tag-michael-conroy"],"acf":[],"yoast_head":"<!-- This site is optimized with the Yoast SEO plugin v26.6 - https:\/\/yoast.com\/wordpress\/plugins\/seo\/ -->\n<title>EV Cargo confirms executive appointments and management changes - Palletforce<\/title>\n<meta name=\"robots\" content=\"index, follow, max-snippet:-1, max-image-preview:large, max-video-preview:-1\" \/>\n<link rel=\"canonical\" href=\"https:\/\/www.palletforce.com\/pl\/ev-cargo-confirms-executive-appointments-and-management-changes\/\" \/>\n<meta property=\"og:locale\" content=\"pl_PL\" \/>\n<meta property=\"og:type\" content=\"article\" \/>\n<meta property=\"og:title\" content=\"EV Cargo confirms executive appointments and management changes - Palletforce\" \/>\n<meta property=\"og:description\" content=\"EV Cargo, the UK\u2019s largest privately-owned logistics group, has announced a series of executive and management appointments after a successful group-wide festive trading period.\" \/>\n<meta property=\"og:url\" content=\"https:\/\/www.palletforce.com\/pl\/ev-cargo-confirms-executive-appointments-and-management-changes\/\" \/>\n<meta property=\"og:site_name\" content=\"Palletforce\" \/>\n<meta property=\"article:published_time\" content=\"2019-01-11T15:47:00+00:00\" \/>\n<meta property=\"article:modified_time\" content=\"2021-10-20T03:20:34+00:00\" \/>\n<meta property=\"og:image\" content=\"https:\/\/www.palletforce.com\/wp-content\/uploads\/2019\/01\/ceo-graphics-03-1024x460.png\" \/>\n\t<meta property=\"og:image:width\" content=\"1024\" \/>\n\t<meta property=\"og:image:height\" content=\"460\" \/>\n\t<meta property=\"og:image:type\" content=\"image\/png\" \/>\n<meta name=\"author\" content=\"fiona\" \/>\n<meta name=\"twitter:card\" content=\"summary_large_image\" \/>\n<meta name=\"twitter:label1\" content=\"Napisane przez\" \/>\n\t<meta name=\"twitter:data1\" content=\"fiona\" \/>\n\t<meta name=\"twitter:label2\" content=\"Szacowany czas czytania\" \/>\n\t<meta name=\"twitter:data2\" content=\"2 minuty\" \/>\n<script type=\"application\/ld+json\" class=\"yoast-schema-graph\">{\"@context\":\"https:\/\/schema.org\",\"@graph\":[{\"@type\":\"WebPage\",\"@id\":\"https:\/\/www.palletforce.com\/en\/ev-cargo-confirms-executive-appointments-and-management-changes\/\",\"url\":\"https:\/\/www.palletforce.com\/en\/ev-cargo-confirms-executive-appointments-and-management-changes\/\",\"name\":\"EV Cargo confirms executive appointments and management changes - Palletforce\",\"isPartOf\":{\"@id\":\"https:\/\/www.palletforce.com\/#website\"},\"primaryImageOfPage\":{\"@id\":\"https:\/\/www.palletforce.com\/en\/ev-cargo-confirms-executive-appointments-and-management-changes\/#primaryimage\"},\"image\":{\"@id\":\"https:\/\/www.palletforce.com\/en\/ev-cargo-confirms-executive-appointments-and-management-changes\/#primaryimage\"},\"thumbnailUrl\":\"https:\/\/www.palletforce.com\/wp-content\/uploads\/2019\/01\/ceo-graphics-03-3000x1902.png\",\"datePublished\":\"2019-01-11T15:47:00+00:00\",\"dateModified\":\"2021-10-20T03:20:34+00:00\",\"author\":{\"@id\":\"https:\/\/www.palletforce.com\/#\/schema\/person\/c2b48b6ee633870b1b82970e22b2569e\"},\"inLanguage\":\"pl-PL\",\"potentialAction\":[{\"@type\":\"ReadAction\",\"target\":[\"https:\/\/www.palletforce.com\/en\/ev-cargo-confirms-executive-appointments-and-management-changes\/\"]}]},{\"@type\":\"ImageObject\",\"inLanguage\":\"pl-PL\",\"@id\":\"https:\/\/www.palletforce.com\/en\/ev-cargo-confirms-executive-appointments-and-management-changes\/#primaryimage\",\"url\":\"https:\/\/www.palletforce.com\/wp-content\/uploads\/2019\/01\/ceo-graphics-03-3000x1902.png\",\"contentUrl\":\"https:\/\/www.palletforce.com\/wp-content\/uploads\/2019\/01\/ceo-graphics-03-3000x1902.png\",\"width\":4232,\"height\":1902},{\"@type\":\"WebSite\",\"@id\":\"https:\/\/www.palletforce.com\/#website\",\"url\":\"https:\/\/www.palletforce.com\/\",\"name\":\"Palletforce\",\"description\":\"\",\"potentialAction\":[{\"@type\":\"SearchAction\",\"target\":{\"@type\":\"EntryPoint\",\"urlTemplate\":\"https:\/\/www.palletforce.com\/?s={search_term_string}\"},\"query-input\":{\"@type\":\"PropertyValueSpecification\",\"valueRequired\":true,\"valueName\":\"search_term_string\"}}],\"inLanguage\":\"pl-PL\"},{\"@type\":\"Person\",\"@id\":\"https:\/\/www.palletforce.com\/#\/schema\/person\/c2b48b6ee633870b1b82970e22b2569e\",\"name\":\"fiona\",\"image\":{\"@type\":\"ImageObject\",\"inLanguage\":\"pl-PL\",\"@id\":\"https:\/\/www.palletforce.com\/#\/schema\/person\/image\/\",\"url\":\"https:\/\/secure.gravatar.com\/avatar\/20b4299450a71829925308c9879bb4c4fc380eed688559bd05320a411d6d0698?s=96&d=mm&r=g\",\"contentUrl\":\"https:\/\/secure.gravatar.com\/avatar\/20b4299450a71829925308c9879bb4c4fc380eed688559bd05320a411d6d0698?s=96&d=mm&r=g\",\"caption\":\"fiona\"}}]}<\/script>\n<!-- \/ Yoast SEO plugin. -->","yoast_head_json":{"title":"EV Cargo potwierdza nominacje na stanowiska kierownicze i zmiany w kierownictwie - Palletforce","robots":{"index":"index","follow":"follow","max-snippet":"max-snippet:-1","max-image-preview":"max-image-preview:large","max-video-preview":"max-video-preview:-1"},"canonical":"https:\/\/www.palletforce.com\/pl\/ev-cargo-confirms-executive-appointments-and-management-changes\/","og_locale":"pl_PL","og_type":"article","og_title":"EV Cargo confirms executive appointments and management changes - Palletforce","og_description":"EV Cargo, the UK\u2019s largest privately-owned logistics group, has announced a series of executive and management appointments after a successful group-wide festive trading period.","og_url":"https:\/\/www.palletforce.com\/pl\/ev-cargo-confirms-executive-appointments-and-management-changes\/","og_site_name":"Palletforce","article_published_time":"2019-01-11T15:47:00+00:00","article_modified_time":"2021-10-20T03:20:34+00:00","og_image":[{"width":1024,"height":460,"url":"https:\/\/www.palletforce.com\/wp-content\/uploads\/2019\/01\/ceo-graphics-03-1024x460.png","type":"image\/png"}],"author":"fiona","twitter_card":"summary_large_image","twitter_misc":{"Napisane przez":"fiona","Szacowany czas czytania":"2 minuty"},"schema":{"@context":"https:\/\/schema.org","@graph":[{"@type":"WebPage","@id":"https:\/\/www.palletforce.com\/en\/ev-cargo-confirms-executive-appointments-and-management-changes\/","url":"https:\/\/www.palletforce.com\/en\/ev-cargo-confirms-executive-appointments-and-management-changes\/","name":"EV Cargo potwierdza nominacje na stanowiska kierownicze i zmiany w kierownictwie - Palletforce","isPartOf":{"@id":"https:\/\/www.palletforce.com\/#website"},"primaryImageOfPage":{"@id":"https:\/\/www.palletforce.com\/en\/ev-cargo-confirms-executive-appointments-and-management-changes\/#primaryimage"},"image":{"@id":"https:\/\/www.palletforce.com\/en\/ev-cargo-confirms-executive-appointments-and-management-changes\/#primaryimage"},"thumbnailUrl":"https:\/\/www.palletforce.com\/wp-content\/uploads\/2019\/01\/ceo-graphics-03-3000x1902.png","datePublished":"2019-01-11T15:47:00+00:00","dateModified":"2021-10-20T03:20:34+00:00","author":{"@id":"https:\/\/www.palletforce.com\/#\/schema\/person\/c2b48b6ee633870b1b82970e22b2569e"},"inLanguage":"pl-PL","potentialAction":[{"@type":"ReadAction","target":["https:\/\/www.palletforce.com\/en\/ev-cargo-confirms-executive-appointments-and-management-changes\/"]}]},{"@type":"ImageObject","inLanguage":"pl-PL","@id":"https:\/\/www.palletforce.com\/en\/ev-cargo-confirms-executive-appointments-and-management-changes\/#primaryimage","url":"https:\/\/www.palletforce.com\/wp-content\/uploads\/2019\/01\/ceo-graphics-03-3000x1902.png","contentUrl":"https:\/\/www.palletforce.com\/wp-content\/uploads\/2019\/01\/ceo-graphics-03-3000x1902.png","width":4232,"height":1902},{"@type":"WebSite","@id":"https:\/\/www.palletforce.com\/#website","url":"https:\/\/www.palletforce.com\/","name":"Si\u0142a palet","description":"","potentialAction":[{"@type":"SearchAction","target":{"@type":"EntryPoint","urlTemplate":"https:\/\/www.palletforce.com\/?s={search_term_string}"},"query-input":{"@type":"PropertyValueSpecification","valueRequired":true,"valueName":"search_term_string"}}],"inLanguage":"pl-PL"},{"@type":"Person","@id":"https:\/\/www.palletforce.com\/#\/schema\/person\/c2b48b6ee633870b1b82970e22b2569e","name":"Fiona","image":{"@type":"ImageObject","inLanguage":"pl-PL","@id":"https:\/\/www.palletforce.com\/#\/schema\/person\/image\/","url":"https:\/\/secure.gravatar.com\/avatar\/20b4299450a71829925308c9879bb4c4fc380eed688559bd05320a411d6d0698?s=96&d=mm&r=g","contentUrl":"https:\/\/secure.gravatar.com\/avatar\/20b4299450a71829925308c9879bb4c4fc380eed688559bd05320a411d6d0698?s=96&d=mm&r=g","caption":"fiona"}}]}},"_links":{"self":[{"href":"https:\/\/www.palletforce.com\/pl\/wp-json\/wp\/v2\/posts\/102324","targetHints":{"allow":["GET"]}}],"collection":[{"href":"https:\/\/www.palletforce.com\/pl\/wp-json\/wp\/v2\/posts"}],"about":[{"href":"https:\/\/www.palletforce.com\/pl\/wp-json\/wp\/v2\/types\/post"}],"author":[{"embeddable":true,"href":"https:\/\/www.palletforce.com\/pl\/wp-json\/wp\/v2\/users\/21"}],"replies":[{"embeddable":true,"href":"https:\/\/www.palletforce.com\/pl\/wp-json\/wp\/v2\/comments?post=102324"}],"version-history":[{"count":1,"href":"https:\/\/www.palletforce.com\/pl\/wp-json\/wp\/v2\/posts\/102324\/revisions"}],"predecessor-version":[{"id":102326,"href":"https:\/\/www.palletforce.com\/pl\/wp-json\/wp\/v2\/posts\/102324\/revisions\/102326"}],"wp:featuredmedia":[{"embeddable":true,"href":"https:\/\/www.palletforce.com\/pl\/wp-json\/wp\/v2\/media\/102329"}],"wp:attachment":[{"href":"https:\/\/www.palletforce.com\/pl\/wp-json\/wp\/v2\/media?parent=102324"}],"wp:term":[{"taxonomy":"category","embeddable":true,"href":"https:\/\/www.palletforce.com\/pl\/wp-json\/wp\/v2\/categories?post=102324"},{"taxonomy":"post_tag","embeddable":true,"href":"https:\/\/www.palletforce.com\/pl\/wp-json\/wp\/v2\/tags?post=102324"},{"taxonomy":"postlocation","embeddable":true,"href":"https:\/\/www.palletforce.com\/pl\/wp-json\/wp\/v2\/postlocation?post=102324"},{"taxonomy":"posttype","embeddable":true,"href":"https:\/\/www.palletforce.com\/pl\/wp-json\/wp\/v2\/posttype?post=102324"},{"taxonomy":"postservice","embeddable":true,"href":"https:\/\/www.palletforce.com\/pl\/wp-json\/wp\/v2\/postservice?post=102324"}],"curies":[{"name":"wp","href":"https:\/\/api.w.org\/{rel}","templated":true}]}}