{"id":102547,"date":"2019-06-18T13:04:02","date_gmt":"2019-06-18T12:04:02","guid":{"rendered":"https:\/\/www.palletforce.com\/?p=102547"},"modified":"2021-10-22T13:04:22","modified_gmt":"2021-10-22T12:04:22","slug":"pace-in-sardinia-but-a-frustrating-end-for-meeke","status":"publish","type":"post","link":"https:\/\/www.palletforce.com\/pl\/pace-in-sardinia-but-a-frustrating-end-for-meeke\/","title":{"rendered":"Tempo na Sardynii, ale frustruj\u0105cy koniec dla Meeke"},"content":{"rendered":"<p>Wspierany przez KDM kierowca rajdowy, Kris Meeke, odni\u00f3s\u0142 kolejny frustruj\u0105cy wynik w \u00f3smej rundzie Rajdowych Mistrzostw \u015awiata FIA, mimo \u017ce nabra\u0142 tempa, by walczy\u0107 o podium w wydarzeniu, z kt\u00f3rego ma niewielkie do\u015bwiadczenie.<\/p>\n\n\n\n<p>Meeke zaj\u0105\u0142 \u00f3sme miejsce za kierownic\u0105 swojego Toyota Gazoo Racing World Rally Team Yaris WRC po tym, jak p\u0119kni\u0119ta felga zmusi\u0142a go do wymiany opon w \u015brodkowej fazie w sobot\u0119, podczas zaci\u0119tej bitwy na trzy strony.<\/p>\n\n\n\n<p>Rally d&#039;Italia, organizowany na \u015br\u00f3dziemnomorskiej wyspie Sardynii, zapewnia jedne z najtrudniejszych warunk\u00f3w w roku. Jego w\u0105skie tory s\u0105 wy\u0142o\u017cone ogromnymi ska\u0142ami, a nawierzchnie si\u0119gaj\u0105 od g\u0142\u0119bokiego piasku po tward\u0105 ska\u0142\u0119 macierzyst\u0105 \u2013 wszystko to przy typowych upalnych letnich temperaturach sprawia, \u017ce jest to jedna z najbardziej wymagaj\u0105cych imprez mistrzowskich.<\/p>\n\n\n\n<p>Jednak od samego pocz\u0105tku Meeke by\u0142 w wyra\u017anie niekorzystnej sytuacji, poniewa\u017c nie bra\u0142 udzia\u0142u w zawodach w 2016 i 2018 roku. Pi\u0105tkowy dzie\u0144 otwarcia po\u015bwi\u0119cono na zapoznawanie si\u0119 z odcinkami i ustalanie lepszych czas\u00f3w podczas drugiego przejazdu po po\u0142udniu. Wci\u0105\u017c uda\u0142o mu si\u0119 utrzyma\u0107 pi\u0105te miejsce w ci\u0105gu nocy po tym, jak poczyni\u0142 wi\u0119ksze post\u0119py w ustawieniach samochodu i po raz pierwszy u\u017cy\u0142 mieszanej mieszanki opon w Yarisie.<\/p>\n\n\n\n<p>Sobotni poranek przyni\u00f3s\u0142 podobne podej\u015bcie, gdy kierowca Dungannon straci\u0142 grunt pod nogami na porannych odcinkach, ale zatrzyma\u0142 si\u0119 w tr\u00f3jstronnej walce o czwart\u0105 pozycj\u0119. Po po\u0142udniu by\u0142o szczypa\u0107 i schowa\u0107, a Meeke zacz\u0105\u0142 cofa\u0107 czas i wygl\u0105da\u0142 jak wyzwanie na podium.<\/p>\n\n\n\n<p>Jednak zderzenie ze ska\u0142\u0105 na ostatnim odcinku dnia sprawi\u0142o, \u017ce Meeke zmusi\u0142 si\u0119 do zatrzymania si\u0119 w po\u0142owie etapu, zmiany opony i kulej\u0105c do ko\u0144ca \u2013 schodz\u0105c w tym czasie o ponad dwie minuty i z powrotem na \u00f3sme miejsce.<\/p>\n\n\n\n<p>W niedziel\u0119 przeszed\u0142 przez ostatnie cztery odcinki i pomimo kolejnego solidnego wyst\u0119pu na nieznanych odcinkach, nie by\u0142 to wynik na podium, do kt\u00f3rego d\u0105\u017cy\u0142.<\/p>\n\n\n\n<p>Z pi\u0119ciotygodniow\u0105 przerw\u0105 letni\u0105, mistrzostwa \u015bcigaj\u0105 si\u0119 w drodze do Finlandii i kultowy Rajd Finlandii w dniach 2-4 sierpnia \u2013 wydarzenie, kt\u00f3re Meeke wygra\u0142 wcze\u015bniej i ponownie b\u0119dzie celem.<\/p>\n\n\n\n<p>Kris Meeke powiedzia\u0142: \u201ePodkre\u015bli\u0142em ten rajd jako jeden z najtrudniejszych na pocz\u0105tku sezonu. W por\u00f3wnaniu z innymi kierowcami mam bardzo ma\u0142e do\u015bwiadczenie z tymi odcinkami i zawsze b\u0119dzie trudno mi dor\u00f3wna\u0107.<\/p>\n\n\n\n<p>\u201eJednak uda\u0142o nam si\u0119 znale\u017a\u0107 mocne tempo, zw\u0142aszcza popo\u0142udniami i naprawd\u0119 cieszy\u0142em si\u0119 rajdem, poniewa\u017c byli\u015bmy w dobrej bitwie i robili\u015bmy post\u0119py. Niestety, zap\u0142aci\u0142o za to zepsute ko\u0142o, co oznacza\u0142o, \u017ce nie mieli\u015bmy innego wyj\u015bcia, jak przejecha\u0107 ostatnie etapy dnia i zebra\u0107 punkty zespo\u0142owe.<\/p>\n\n\n\n<p>\u201eMusimy tylko czeka\u0107 na Finlandi\u0119 i ca\u0142\u0105 drug\u0105 po\u0142ow\u0119 sezonu. Yaris WRC by\u0142 naprawd\u0119 mocny w tych zawodach w zesz\u0142ym sezonie i ca\u0142y zesp\u00f3\u0142 b\u0119dzie ponownie naciska\u0142 na to samo.<\/p>","protected":false},"excerpt":{"rendered":"<p>Wspierany przez KDM kierowca rajdowy, Kris Meeke, odni\u00f3s\u0142 kolejny frustruj\u0105cy wynik w \u00f3smej rundzie Rajdowych Mistrzostw \u015awiata FIA, mimo \u017ce nabra\u0142 tempa, by walczy\u0107 o podium w wydarzeniu, z kt\u00f3rego ma niewielkie do\u015bwiadczenie.<\/p>","protected":false},"author":18,"featured_media":102548,"comment_status":"open","ping_status":"open","sticky":false,"template":"","format":"standard","meta":{"_acf_changed":false,"inline_featured_image":false,"footnotes":""},"categories":[29,57,28,97],"tags":[222,109],"postlocation":[],"posttype":[],"postservice":[],"class_list":["post-102547","post","type-post","status-publish","format-standard","has-post-thumbnail","hentry","category-general","category-generallatest-news","category-latest-news","category-sponsorship","tag-kris-meeke","tag-sponsorship"],"acf":[],"yoast_head":"<!-- This site is optimized with the Yoast SEO plugin v26.6 - https:\/\/yoast.com\/wordpress\/plugins\/seo\/ -->\n<title>Pace in Sardinia but a frustrating end for Meeke - Palletforce<\/title>\n<meta name=\"robots\" content=\"index, follow, max-snippet:-1, max-image-preview:large, max-video-preview:-1\" \/>\n<link rel=\"canonical\" href=\"https:\/\/www.palletforce.com\/pl\/pace-in-sardinia-but-a-frustrating-end-for-meeke\/\" \/>\n<meta property=\"og:locale\" content=\"pl_PL\" \/>\n<meta property=\"og:type\" content=\"article\" \/>\n<meta property=\"og:title\" content=\"Pace in Sardinia but a frustrating end for Meeke - Palletforce\" \/>\n<meta property=\"og:description\" content=\"KDM Hire-backed world rally driver Kris Meeke suffered another frustrating result on round eight of the FIA World Rally Championship despite building up his pace to challenge for a podium on an event he has little experience off.\" \/>\n<meta property=\"og:url\" content=\"https:\/\/www.palletforce.com\/pl\/pace-in-sardinia-but-a-frustrating-end-for-meeke\/\" \/>\n<meta property=\"og:site_name\" content=\"Palletforce\" \/>\n<meta property=\"article:published_time\" content=\"2019-06-18T12:04:02+00:00\" \/>\n<meta property=\"article:modified_time\" content=\"2021-10-22T12:04:22+00:00\" \/>\n<meta property=\"og:image\" content=\"https:\/\/www.palletforce.com\/wp-content\/uploads\/2021\/10\/wrc_2019_rd8_080.jpg\" \/>\n\t<meta property=\"og:image:width\" content=\"1500\" \/>\n\t<meta property=\"og:image:height\" content=\"1000\" \/>\n\t<meta property=\"og:image:type\" content=\"image\/jpeg\" \/>\n<meta name=\"author\" content=\"shona\" \/>\n<meta name=\"twitter:card\" content=\"summary_large_image\" \/>\n<meta name=\"twitter:label1\" content=\"Napisane przez\" \/>\n\t<meta name=\"twitter:data1\" content=\"shona\" \/>\n\t<meta name=\"twitter:label2\" content=\"Szacowany czas czytania\" \/>\n\t<meta name=\"twitter:data2\" content=\"3 minuty\" \/>\n<script type=\"application\/ld+json\" class=\"yoast-schema-graph\">{\"@context\":\"https:\/\/schema.org\",\"@graph\":[{\"@type\":\"WebPage\",\"@id\":\"https:\/\/www.palletforce.com\/en\/pace-in-sardinia-but-a-frustrating-end-for-meeke\/\",\"url\":\"https:\/\/www.palletforce.com\/en\/pace-in-sardinia-but-a-frustrating-end-for-meeke\/\",\"name\":\"Pace in Sardinia but a frustrating end for Meeke - Palletforce\",\"isPartOf\":{\"@id\":\"https:\/\/www.palletforce.com\/#website\"},\"primaryImageOfPage\":{\"@id\":\"https:\/\/www.palletforce.com\/en\/pace-in-sardinia-but-a-frustrating-end-for-meeke\/#primaryimage\"},\"image\":{\"@id\":\"https:\/\/www.palletforce.com\/en\/pace-in-sardinia-but-a-frustrating-end-for-meeke\/#primaryimage\"},\"thumbnailUrl\":\"https:\/\/www.palletforce.com\/wp-content\/uploads\/2021\/10\/wrc_2019_rd8_080.jpg\",\"datePublished\":\"2019-06-18T12:04:02+00:00\",\"dateModified\":\"2021-10-22T12:04:22+00:00\",\"author\":{\"@id\":\"https:\/\/www.palletforce.com\/#\/schema\/person\/cda523345ba606e8aa2c3b33c1a282af\"},\"inLanguage\":\"pl-PL\",\"potentialAction\":[{\"@type\":\"ReadAction\",\"target\":[\"https:\/\/www.palletforce.com\/en\/pace-in-sardinia-but-a-frustrating-end-for-meeke\/\"]}]},{\"@type\":\"ImageObject\",\"inLanguage\":\"pl-PL\",\"@id\":\"https:\/\/www.palletforce.com\/en\/pace-in-sardinia-but-a-frustrating-end-for-meeke\/#primaryimage\",\"url\":\"https:\/\/www.palletforce.com\/wp-content\/uploads\/2021\/10\/wrc_2019_rd8_080.jpg\",\"contentUrl\":\"https:\/\/www.palletforce.com\/wp-content\/uploads\/2021\/10\/wrc_2019_rd8_080.jpg\",\"width\":1500,\"height\":1000,\"caption\":\"FIA World Rally Championship 2019 \/ Round 08 \/ Rally d\u2019Italia Sardegna \/ 13-16 June, 2019 \/\/ Worldwide Copyright: Toyota Gazoo Racing WRC\"},{\"@type\":\"WebSite\",\"@id\":\"https:\/\/www.palletforce.com\/#website\",\"url\":\"https:\/\/www.palletforce.com\/\",\"name\":\"Palletforce\",\"description\":\"\",\"potentialAction\":[{\"@type\":\"SearchAction\",\"target\":{\"@type\":\"EntryPoint\",\"urlTemplate\":\"https:\/\/www.palletforce.com\/?s={search_term_string}\"},\"query-input\":{\"@type\":\"PropertyValueSpecification\",\"valueRequired\":true,\"valueName\":\"search_term_string\"}}],\"inLanguage\":\"pl-PL\"},{\"@type\":\"Person\",\"@id\":\"https:\/\/www.palletforce.com\/#\/schema\/person\/cda523345ba606e8aa2c3b33c1a282af\",\"name\":\"shona\",\"image\":{\"@type\":\"ImageObject\",\"inLanguage\":\"pl-PL\",\"@id\":\"https:\/\/www.palletforce.com\/#\/schema\/person\/image\/\",\"url\":\"https:\/\/secure.gravatar.com\/avatar\/756f72c890440fd1d188efdb640aa38ff9bae54afcbfde9221b357c60dfcc39f?s=96&d=mm&r=g\",\"contentUrl\":\"https:\/\/secure.gravatar.com\/avatar\/756f72c890440fd1d188efdb640aa38ff9bae54afcbfde9221b357c60dfcc39f?s=96&d=mm&r=g\",\"caption\":\"shona\"}}]}<\/script>\n<!-- \/ Yoast SEO plugin. -->","yoast_head_json":{"title":"Tempo na Sardynii, ale frustruj\u0105cy koniec dla Meeke&#039;a - Palletforce","robots":{"index":"index","follow":"follow","max-snippet":"max-snippet:-1","max-image-preview":"max-image-preview:large","max-video-preview":"max-video-preview:-1"},"canonical":"https:\/\/www.palletforce.com\/pl\/pace-in-sardinia-but-a-frustrating-end-for-meeke\/","og_locale":"pl_PL","og_type":"article","og_title":"Pace in Sardinia but a frustrating end for Meeke - Palletforce","og_description":"KDM Hire-backed world rally driver Kris Meeke suffered another frustrating result on round eight of the FIA World Rally Championship despite building up his pace to challenge for a podium on an event he has little experience off.","og_url":"https:\/\/www.palletforce.com\/pl\/pace-in-sardinia-but-a-frustrating-end-for-meeke\/","og_site_name":"Palletforce","article_published_time":"2019-06-18T12:04:02+00:00","article_modified_time":"2021-10-22T12:04:22+00:00","og_image":[{"width":1500,"height":1000,"url":"https:\/\/www.palletforce.com\/wp-content\/uploads\/2021\/10\/wrc_2019_rd8_080.jpg","type":"image\/jpeg"}],"author":"shona","twitter_card":"summary_large_image","twitter_misc":{"Napisane przez":"shona","Szacowany czas czytania":"3 minuty"},"schema":{"@context":"https:\/\/schema.org","@graph":[{"@type":"WebPage","@id":"https:\/\/www.palletforce.com\/en\/pace-in-sardinia-but-a-frustrating-end-for-meeke\/","url":"https:\/\/www.palletforce.com\/en\/pace-in-sardinia-but-a-frustrating-end-for-meeke\/","name":"Tempo na Sardynii, ale frustruj\u0105cy koniec dla Meeke&#039;a - Palletforce","isPartOf":{"@id":"https:\/\/www.palletforce.com\/#website"},"primaryImageOfPage":{"@id":"https:\/\/www.palletforce.com\/en\/pace-in-sardinia-but-a-frustrating-end-for-meeke\/#primaryimage"},"image":{"@id":"https:\/\/www.palletforce.com\/en\/pace-in-sardinia-but-a-frustrating-end-for-meeke\/#primaryimage"},"thumbnailUrl":"https:\/\/www.palletforce.com\/wp-content\/uploads\/2021\/10\/wrc_2019_rd8_080.jpg","datePublished":"2019-06-18T12:04:02+00:00","dateModified":"2021-10-22T12:04:22+00:00","author":{"@id":"https:\/\/www.palletforce.com\/#\/schema\/person\/cda523345ba606e8aa2c3b33c1a282af"},"inLanguage":"pl-PL","potentialAction":[{"@type":"ReadAction","target":["https:\/\/www.palletforce.com\/en\/pace-in-sardinia-but-a-frustrating-end-for-meeke\/"]}]},{"@type":"ImageObject","inLanguage":"pl-PL","@id":"https:\/\/www.palletforce.com\/en\/pace-in-sardinia-but-a-frustrating-end-for-meeke\/#primaryimage","url":"https:\/\/www.palletforce.com\/wp-content\/uploads\/2021\/10\/wrc_2019_rd8_080.jpg","contentUrl":"https:\/\/www.palletforce.com\/wp-content\/uploads\/2021\/10\/wrc_2019_rd8_080.jpg","width":1500,"height":1000,"caption":"FIA World Rally Championship 2019 \/ Round 08 \/ Rally d\u2019Italia Sardegna \/ 13-16 June, 2019 \/\/ Worldwide Copyright: Toyota Gazoo Racing WRC"},{"@type":"WebSite","@id":"https:\/\/www.palletforce.com\/#website","url":"https:\/\/www.palletforce.com\/","name":"Si\u0142a palet","description":"","potentialAction":[{"@type":"SearchAction","target":{"@type":"EntryPoint","urlTemplate":"https:\/\/www.palletforce.com\/?s={search_term_string}"},"query-input":{"@type":"PropertyValueSpecification","valueRequired":true,"valueName":"search_term_string"}}],"inLanguage":"pl-PL"},{"@type":"Person","@id":"https:\/\/www.palletforce.com\/#\/schema\/person\/cda523345ba606e8aa2c3b33c1a282af","name":"Shona","image":{"@type":"ImageObject","inLanguage":"pl-PL","@id":"https:\/\/www.palletforce.com\/#\/schema\/person\/image\/","url":"https:\/\/secure.gravatar.com\/avatar\/756f72c890440fd1d188efdb640aa38ff9bae54afcbfde9221b357c60dfcc39f?s=96&d=mm&r=g","contentUrl":"https:\/\/secure.gravatar.com\/avatar\/756f72c890440fd1d188efdb640aa38ff9bae54afcbfde9221b357c60dfcc39f?s=96&d=mm&r=g","caption":"shona"}}]}},"_links":{"self":[{"href":"https:\/\/www.palletforce.com\/pl\/wp-json\/wp\/v2\/posts\/102547","targetHints":{"allow":["GET"]}}],"collection":[{"href":"https:\/\/www.palletforce.com\/pl\/wp-json\/wp\/v2\/posts"}],"about":[{"href":"https:\/\/www.palletforce.com\/pl\/wp-json\/wp\/v2\/types\/post"}],"author":[{"embeddable":true,"href":"https:\/\/www.palletforce.com\/pl\/wp-json\/wp\/v2\/users\/18"}],"replies":[{"embeddable":true,"href":"https:\/\/www.palletforce.com\/pl\/wp-json\/wp\/v2\/comments?post=102547"}],"version-history":[{"count":1,"href":"https:\/\/www.palletforce.com\/pl\/wp-json\/wp\/v2\/posts\/102547\/revisions"}],"predecessor-version":[{"id":102549,"href":"https:\/\/www.palletforce.com\/pl\/wp-json\/wp\/v2\/posts\/102547\/revisions\/102549"}],"wp:featuredmedia":[{"embeddable":true,"href":"https:\/\/www.palletforce.com\/pl\/wp-json\/wp\/v2\/media\/102548"}],"wp:attachment":[{"href":"https:\/\/www.palletforce.com\/pl\/wp-json\/wp\/v2\/media?parent=102547"}],"wp:term":[{"taxonomy":"category","embeddable":true,"href":"https:\/\/www.palletforce.com\/pl\/wp-json\/wp\/v2\/categories?post=102547"},{"taxonomy":"post_tag","embeddable":true,"href":"https:\/\/www.palletforce.com\/pl\/wp-json\/wp\/v2\/tags?post=102547"},{"taxonomy":"postlocation","embeddable":true,"href":"https:\/\/www.palletforce.com\/pl\/wp-json\/wp\/v2\/postlocation?post=102547"},{"taxonomy":"posttype","embeddable":true,"href":"https:\/\/www.palletforce.com\/pl\/wp-json\/wp\/v2\/posttype?post=102547"},{"taxonomy":"postservice","embeddable":true,"href":"https:\/\/www.palletforce.com\/pl\/wp-json\/wp\/v2\/postservice?post=102547"}],"curies":[{"name":"wp","href":"https:\/\/api.w.org\/{rel}","templated":true}]}}