{"id":102556,"date":"2019-06-03T13:10:48","date_gmt":"2019-06-03T12:10:48","guid":{"rendered":"https:\/\/www.palletforce.com\/?p=102556"},"modified":"2021-10-22T13:11:09","modified_gmt":"2021-10-22T12:11:09","slug":"seasons-best-performance-ends-in-retirement-for-meeke","status":"publish","type":"post","link":"https:\/\/www.palletforce.com\/pl\/seasons-best-performance-ends-in-retirement-for-meeke\/","title":{"rendered":"Najlepszy wyst\u0119p sezonu ko\u0144czy si\u0119 na emeryturze dla Meeke"},"content":{"rendered":"<p>Pomimo ponownego wykazania si\u0119 zwyci\u0119skim tempem rajdowym i kilkusekundowej przewagi w ostatnim dniu, globalny ambasador marki Palletforce Kris Meeke zanotowa\u0142 swoje pierwsze wycofanie si\u0119 w tym sezonie po dramatycznych wydarzeniach w ostatniej minucie Rajdu Portugalii.<\/p>\n\n\n\n<p>Meeke pokaza\u0142 imponuj\u0105cy poziom konsekwencji w ci\u0119\u017cki weekend, ale uleg\u0142 z\u0142amanemu sterowi zaledwie 500 m przed ostatnim etapem Rajdu Portugalii po uderzeniu w pie\u0144 drzewa ukryty na poboczu.<\/p>\n\n\n\n<p>Rajd Portugalii by\u0142 trudnym, gor\u0105cym wydarzeniem z trzema dniami jazdy po szutrze w wysokich temperaturach na wyboistych drogach wok\u00f3\u0142 miasta-gospodarza Porto.<\/p>\n\n\n\n<p>Meeke i pilot Seb Marshall mocno rozpocz\u0119li pi\u0105tkowe nowe odcinki na po\u0142udniu. Pomimo zepsutego interkomu na drugim etapie, gdzie Meeke nie by\u0142 w stanie odebra\u0107 \u017cadnego z kluczowych notatek, ustanowi\u0142 kilka najlepszych czas\u00f3w. Jego popo\u0142udniowy wyst\u0119p na drugim przeje\u017adzie na zakurzonych odcinkach by\u0142 jeszcze bardziej imponuj\u0105cy i zako\u0144czy\u0142 pierwszy dzie\u0144 na trzecim miejscu \u2013 zamykaj\u0105c Toyot\u0119 1-2-3.<\/p>\n\n\n\n<p>Kurz i upa\u0142 nadal dominowa\u0142y w drugim dniu, a konsekwentne, silne podej\u015bcie Meeke zapewni\u0142o mu prawo do bycia najlepszym kierowc\u0105 dnia, z seri\u0105 trzech najlepszych czas\u00f3w i zwyci\u0119stwem etapowym na rozpocz\u0119cie dnia.<\/p>\n\n\n\n<p>Na najd\u0142u\u017cszym odcinku rajdu spowolni\u0142 go zepsuty hamulec r\u0119czny, aby zako\u0144czy\u0107 drugi dzie\u0144, ale awansowa\u0142 na drugie miejsce i rozpocz\u0105\u0142 tr\u00f3jstronn\u0105 walk\u0119 o prowadzenie.<\/p>\n\n\n\n<p>Ostatni dzie\u0144 rozpocz\u0105\u0142 si\u0119 kolejnym zwyci\u0119stwem etapowym, w kt\u00f3rym Meeke zmniejszy\u0142 dystans do przodu do zaledwie 2,4 sekundy. Ale potem sprawy potoczy\u0142y si\u0119 w d\u00f3\u0142, a obr\u00f3t na przedostatnim odcinku sprawi\u0142, \u017ce zaj\u0105\u0142 trzecie miejsce w klasyfikacji generalnej i pomy\u0142ka w ostatnim te\u015bcie z\u0142ama\u0142a kierownic\u0119 w jego Yarisie WRC i zmusi\u0142a go do natychmiastowego wycofania si\u0119, zaledwie kilka minut przed met\u0105.<\/p>\n\n\n\n<p>To by\u0142 gorzki koniec najlepszego wyst\u0119pu Meeke w sezonie. Utrzymywa\u0142 miejsca na podium przez wi\u0119kszo\u015b\u0107 zawod\u00f3w i konsekwentnie ustawia\u0142 najwy\u017csze czasy tylko z powodu ma\u0142ego b\u0142\u0119du, kt\u00f3ry zniweczy\u0142 ca\u0142\u0105 dobr\u0105 robot\u0119.<\/p>\n\n\n\n<p>Ale negatywy b\u0119d\u0105 mocno tkwi\u0107 w jego g\u0142owie, gdy stanie w kolejce do \u00f3smej rundy Rajdu Sardynii 18 czerwca \u2013 zmagaj\u0105c si\u0119 z podobnymi gor\u0105cymi, trudnymi i skalistymi warunkami jak w Portugalii.<\/p>\n\n\n\n<p>Kris Meeke powiedzia\u0142: \u201eRajd Portugalii zawsze by\u0142 trudny, ale przez wi\u0119kszo\u015b\u0107 zawod\u00f3w pokazali\u015bmy du\u017c\u0105 pr\u0119dko\u015b\u0107 i ca\u0142kiem dobrze radzili\u015bmy sobie w trudnych warunkach. Samoch\u00f3d czu\u0142 si\u0119 dobrze i mog\u0142em poczyni\u0107 post\u0119py na twardych oponach na wyboistych drogach, z czym wcze\u015bniej si\u0119 zmaga\u0142em.<\/p>\n\n\n\n<p>\u201eTempo by\u0142o dobre, pewno\u015b\u0107 siebie wysoka i wyznaczyli\u015bmy mocne czasy. Wyniki zespo\u0142u pokaza\u0142y, jak dobrze Yaris WRC jest przystosowany do tych warunk\u00f3w. By\u0142em zdenerwowany, \u017ce pope\u0142ni\u0142em b\u0142\u0105d tak blisko ko\u0144ca rajdu, co doprowadzi\u0142o do naszego pierwszego bezpunktowego finiszu sezonu, ale musimy po prostu zostawi\u0107 to za sob\u0105 i i\u015b\u0107 do przodu.<\/p>","protected":false},"excerpt":{"rendered":"<p>Pomimo ponownego wykazania si\u0119 zwyci\u0119skim tempem rajdowym i kilkusekundowej przewagi w ostatnim dniu, globalny ambasador marki Palletforce Kris Meeke zanotowa\u0142 swoje pierwsze wycofanie si\u0119 w tym sezonie po dramatycznych wydarzeniach w ostatniej minucie Rajdu Portugalii.<\/p>","protected":false},"author":18,"featured_media":102557,"comment_status":"open","ping_status":"open","sticky":false,"template":"","format":"standard","meta":{"_acf_changed":false,"inline_featured_image":false,"footnotes":""},"categories":[29,57,28,97],"tags":[222],"postlocation":[],"posttype":[],"postservice":[],"class_list":["post-102556","post","type-post","status-publish","format-standard","has-post-thumbnail","hentry","category-general","category-generallatest-news","category-latest-news","category-sponsorship","tag-kris-meeke"],"acf":[],"yoast_head":"<!-- This site is optimized with the Yoast SEO plugin v26.6 - https:\/\/yoast.com\/wordpress\/plugins\/seo\/ -->\n<title>Season\u2019s Best Performance Ends In Retirement For Meeke - Palletforce<\/title>\n<meta name=\"robots\" content=\"index, follow, max-snippet:-1, max-image-preview:large, max-video-preview:-1\" \/>\n<link rel=\"canonical\" href=\"https:\/\/www.palletforce.com\/pl\/seasons-best-performance-ends-in-retirement-for-meeke\/\" \/>\n<meta property=\"og:locale\" content=\"pl_PL\" \/>\n<meta property=\"og:type\" content=\"article\" \/>\n<meta property=\"og:title\" content=\"Season\u2019s Best Performance Ends In Retirement For Meeke - Palletforce\" \/>\n<meta property=\"og:description\" content=\"Despite again demonstrating rally-winning pace and coming within a few seconds of the lead on the final day, Palletforce global brand ambassador Kris Meeke recorded his first retirement of the season after last-minute drama on Rally Portugal.\" \/>\n<meta property=\"og:url\" content=\"https:\/\/www.palletforce.com\/pl\/seasons-best-performance-ends-in-retirement-for-meeke\/\" \/>\n<meta property=\"og:site_name\" content=\"Palletforce\" \/>\n<meta property=\"article:published_time\" content=\"2019-06-03T12:10:48+00:00\" \/>\n<meta property=\"article:modified_time\" content=\"2021-10-22T12:11:09+00:00\" \/>\n<meta property=\"og:image\" content=\"https:\/\/www.palletforce.com\/wp-content\/uploads\/2021\/10\/wrc_2019_rd7_175.jpg\" \/>\n\t<meta property=\"og:image:width\" content=\"1500\" \/>\n\t<meta property=\"og:image:height\" content=\"1000\" \/>\n\t<meta property=\"og:image:type\" content=\"image\/jpeg\" \/>\n<meta name=\"author\" content=\"shona\" \/>\n<meta name=\"twitter:card\" content=\"summary_large_image\" \/>\n<meta name=\"twitter:label1\" content=\"Napisane przez\" \/>\n\t<meta name=\"twitter:data1\" content=\"shona\" \/>\n\t<meta name=\"twitter:label2\" content=\"Szacowany czas czytania\" \/>\n\t<meta name=\"twitter:data2\" content=\"3 minuty\" \/>\n<script type=\"application\/ld+json\" class=\"yoast-schema-graph\">{\"@context\":\"https:\/\/schema.org\",\"@graph\":[{\"@type\":\"WebPage\",\"@id\":\"https:\/\/www.palletforce.com\/en\/seasons-best-performance-ends-in-retirement-for-meeke\/\",\"url\":\"https:\/\/www.palletforce.com\/en\/seasons-best-performance-ends-in-retirement-for-meeke\/\",\"name\":\"Season\u2019s Best Performance Ends In Retirement For Meeke - Palletforce\",\"isPartOf\":{\"@id\":\"https:\/\/www.palletforce.com\/#website\"},\"primaryImageOfPage\":{\"@id\":\"https:\/\/www.palletforce.com\/en\/seasons-best-performance-ends-in-retirement-for-meeke\/#primaryimage\"},\"image\":{\"@id\":\"https:\/\/www.palletforce.com\/en\/seasons-best-performance-ends-in-retirement-for-meeke\/#primaryimage\"},\"thumbnailUrl\":\"https:\/\/www.palletforce.com\/wp-content\/uploads\/2021\/10\/wrc_2019_rd7_175.jpg\",\"datePublished\":\"2019-06-03T12:10:48+00:00\",\"dateModified\":\"2021-10-22T12:11:09+00:00\",\"author\":{\"@id\":\"https:\/\/www.palletforce.com\/#\/schema\/person\/cda523345ba606e8aa2c3b33c1a282af\"},\"inLanguage\":\"pl-PL\",\"potentialAction\":[{\"@type\":\"ReadAction\",\"target\":[\"https:\/\/www.palletforce.com\/en\/seasons-best-performance-ends-in-retirement-for-meeke\/\"]}]},{\"@type\":\"ImageObject\",\"inLanguage\":\"pl-PL\",\"@id\":\"https:\/\/www.palletforce.com\/en\/seasons-best-performance-ends-in-retirement-for-meeke\/#primaryimage\",\"url\":\"https:\/\/www.palletforce.com\/wp-content\/uploads\/2021\/10\/wrc_2019_rd7_175.jpg\",\"contentUrl\":\"https:\/\/www.palletforce.com\/wp-content\/uploads\/2021\/10\/wrc_2019_rd7_175.jpg\",\"width\":1500,\"height\":1000,\"caption\":\"FIA World Rally Championship 2019 \/ Round 07 \/ Rally Portugal \/ 30th May - 2nd June, 2019 \/\/ Worldwide Copyright: Toyota Gazoo Racing WRC\"},{\"@type\":\"WebSite\",\"@id\":\"https:\/\/www.palletforce.com\/#website\",\"url\":\"https:\/\/www.palletforce.com\/\",\"name\":\"Palletforce\",\"description\":\"\",\"potentialAction\":[{\"@type\":\"SearchAction\",\"target\":{\"@type\":\"EntryPoint\",\"urlTemplate\":\"https:\/\/www.palletforce.com\/?s={search_term_string}\"},\"query-input\":{\"@type\":\"PropertyValueSpecification\",\"valueRequired\":true,\"valueName\":\"search_term_string\"}}],\"inLanguage\":\"pl-PL\"},{\"@type\":\"Person\",\"@id\":\"https:\/\/www.palletforce.com\/#\/schema\/person\/cda523345ba606e8aa2c3b33c1a282af\",\"name\":\"shona\",\"image\":{\"@type\":\"ImageObject\",\"inLanguage\":\"pl-PL\",\"@id\":\"https:\/\/www.palletforce.com\/#\/schema\/person\/image\/\",\"url\":\"https:\/\/secure.gravatar.com\/avatar\/756f72c890440fd1d188efdb640aa38ff9bae54afcbfde9221b357c60dfcc39f?s=96&d=mm&r=g\",\"contentUrl\":\"https:\/\/secure.gravatar.com\/avatar\/756f72c890440fd1d188efdb640aa38ff9bae54afcbfde9221b357c60dfcc39f?s=96&d=mm&r=g\",\"caption\":\"shona\"}}]}<\/script>\n<!-- \/ Yoast SEO plugin. -->","yoast_head_json":{"title":"Season\u2019s Best Performance Ends In Retirement For Meeke - Palletforce","robots":{"index":"index","follow":"follow","max-snippet":"max-snippet:-1","max-image-preview":"max-image-preview:large","max-video-preview":"max-video-preview:-1"},"canonical":"https:\/\/www.palletforce.com\/pl\/seasons-best-performance-ends-in-retirement-for-meeke\/","og_locale":"pl_PL","og_type":"article","og_title":"Season\u2019s Best Performance Ends In Retirement For Meeke - Palletforce","og_description":"Despite again demonstrating rally-winning pace and coming within a few seconds of the lead on the final day, Palletforce global brand ambassador Kris Meeke recorded his first retirement of the season after last-minute drama on Rally Portugal.","og_url":"https:\/\/www.palletforce.com\/pl\/seasons-best-performance-ends-in-retirement-for-meeke\/","og_site_name":"Palletforce","article_published_time":"2019-06-03T12:10:48+00:00","article_modified_time":"2021-10-22T12:11:09+00:00","og_image":[{"width":1500,"height":1000,"url":"https:\/\/www.palletforce.com\/wp-content\/uploads\/2021\/10\/wrc_2019_rd7_175.jpg","type":"image\/jpeg"}],"author":"shona","twitter_card":"summary_large_image","twitter_misc":{"Napisane przez":"shona","Szacowany czas czytania":"3 minuty"},"schema":{"@context":"https:\/\/schema.org","@graph":[{"@type":"WebPage","@id":"https:\/\/www.palletforce.com\/en\/seasons-best-performance-ends-in-retirement-for-meeke\/","url":"https:\/\/www.palletforce.com\/en\/seasons-best-performance-ends-in-retirement-for-meeke\/","name":"Season\u2019s Best Performance Ends In Retirement For Meeke - Palletforce","isPartOf":{"@id":"https:\/\/www.palletforce.com\/#website"},"primaryImageOfPage":{"@id":"https:\/\/www.palletforce.com\/en\/seasons-best-performance-ends-in-retirement-for-meeke\/#primaryimage"},"image":{"@id":"https:\/\/www.palletforce.com\/en\/seasons-best-performance-ends-in-retirement-for-meeke\/#primaryimage"},"thumbnailUrl":"https:\/\/www.palletforce.com\/wp-content\/uploads\/2021\/10\/wrc_2019_rd7_175.jpg","datePublished":"2019-06-03T12:10:48+00:00","dateModified":"2021-10-22T12:11:09+00:00","author":{"@id":"https:\/\/www.palletforce.com\/#\/schema\/person\/cda523345ba606e8aa2c3b33c1a282af"},"inLanguage":"pl-PL","potentialAction":[{"@type":"ReadAction","target":["https:\/\/www.palletforce.com\/en\/seasons-best-performance-ends-in-retirement-for-meeke\/"]}]},{"@type":"ImageObject","inLanguage":"pl-PL","@id":"https:\/\/www.palletforce.com\/en\/seasons-best-performance-ends-in-retirement-for-meeke\/#primaryimage","url":"https:\/\/www.palletforce.com\/wp-content\/uploads\/2021\/10\/wrc_2019_rd7_175.jpg","contentUrl":"https:\/\/www.palletforce.com\/wp-content\/uploads\/2021\/10\/wrc_2019_rd7_175.jpg","width":1500,"height":1000,"caption":"FIA World Rally Championship 2019 \/ Round 07 \/ Rally Portugal \/ 30th May - 2nd June, 2019 \/\/ Worldwide Copyright: Toyota Gazoo Racing WRC"},{"@type":"WebSite","@id":"https:\/\/www.palletforce.com\/#website","url":"https:\/\/www.palletforce.com\/","name":"Si\u0142a palet","description":"","potentialAction":[{"@type":"SearchAction","target":{"@type":"EntryPoint","urlTemplate":"https:\/\/www.palletforce.com\/?s={search_term_string}"},"query-input":{"@type":"PropertyValueSpecification","valueRequired":true,"valueName":"search_term_string"}}],"inLanguage":"pl-PL"},{"@type":"Person","@id":"https:\/\/www.palletforce.com\/#\/schema\/person\/cda523345ba606e8aa2c3b33c1a282af","name":"Shona","image":{"@type":"ImageObject","inLanguage":"pl-PL","@id":"https:\/\/www.palletforce.com\/#\/schema\/person\/image\/","url":"https:\/\/secure.gravatar.com\/avatar\/756f72c890440fd1d188efdb640aa38ff9bae54afcbfde9221b357c60dfcc39f?s=96&d=mm&r=g","contentUrl":"https:\/\/secure.gravatar.com\/avatar\/756f72c890440fd1d188efdb640aa38ff9bae54afcbfde9221b357c60dfcc39f?s=96&d=mm&r=g","caption":"shona"}}]}},"_links":{"self":[{"href":"https:\/\/www.palletforce.com\/pl\/wp-json\/wp\/v2\/posts\/102556","targetHints":{"allow":["GET"]}}],"collection":[{"href":"https:\/\/www.palletforce.com\/pl\/wp-json\/wp\/v2\/posts"}],"about":[{"href":"https:\/\/www.palletforce.com\/pl\/wp-json\/wp\/v2\/types\/post"}],"author":[{"embeddable":true,"href":"https:\/\/www.palletforce.com\/pl\/wp-json\/wp\/v2\/users\/18"}],"replies":[{"embeddable":true,"href":"https:\/\/www.palletforce.com\/pl\/wp-json\/wp\/v2\/comments?post=102556"}],"version-history":[{"count":1,"href":"https:\/\/www.palletforce.com\/pl\/wp-json\/wp\/v2\/posts\/102556\/revisions"}],"predecessor-version":[{"id":102558,"href":"https:\/\/www.palletforce.com\/pl\/wp-json\/wp\/v2\/posts\/102556\/revisions\/102558"}],"wp:featuredmedia":[{"embeddable":true,"href":"https:\/\/www.palletforce.com\/pl\/wp-json\/wp\/v2\/media\/102557"}],"wp:attachment":[{"href":"https:\/\/www.palletforce.com\/pl\/wp-json\/wp\/v2\/media?parent=102556"}],"wp:term":[{"taxonomy":"category","embeddable":true,"href":"https:\/\/www.palletforce.com\/pl\/wp-json\/wp\/v2\/categories?post=102556"},{"taxonomy":"post_tag","embeddable":true,"href":"https:\/\/www.palletforce.com\/pl\/wp-json\/wp\/v2\/tags?post=102556"},{"taxonomy":"postlocation","embeddable":true,"href":"https:\/\/www.palletforce.com\/pl\/wp-json\/wp\/v2\/postlocation?post=102556"},{"taxonomy":"posttype","embeddable":true,"href":"https:\/\/www.palletforce.com\/pl\/wp-json\/wp\/v2\/posttype?post=102556"},{"taxonomy":"postservice","embeddable":true,"href":"https:\/\/www.palletforce.com\/pl\/wp-json\/wp\/v2\/postservice?post=102556"}],"curies":[{"name":"wp","href":"https:\/\/api.w.org\/{rel}","templated":true}]}}